{"id":597160,"date":"2025-11-23T19:56:19","date_gmt":"2025-11-23T19:56:19","guid":{"rendered":"https:\/\/www.europesays.com\/de\/597160\/"},"modified":"2025-11-23T19:56:19","modified_gmt":"2025-11-23T19:56:19","slug":"ex-bvb-star-aubameyang-mit-400-karriere-toren","status":"publish","type":"post","link":"https:\/\/www.europesays.com\/de\/597160\/","title":{"rendered":"Ex-BVB-Star Aubameyang mit 400 Karriere-Toren"},"content":{"rendered":"<p><b>Er war der \u201eWham! Bam! I am the Man\u201c-Mann der Bundesliga \u2013 <a href=\"https:\/\/www.fussballdaten.de\/person\/pierre-emerick-aubameyang\/\" title=\"Profil von Pierre-Emerick Aubameyang\" rel=\"nofollow noopener\" target=\"_blank\">Pierre-Emerick Aubameyang<\/a> (36). Am Freitagabend schrieb der Gabuner, der zwischen 2013 und 2018 f\u00fcr den BVB spielte, in Diensten von <a href=\"https:\/\/www.fussballdaten.de\/vereine\/olympique-marseille\/\" title=\"Profil von Olympique Marseille\" rel=\"nofollow noopener\" target=\"_blank\">Olympique Marseille<\/a> seine eigene Erfolgsgeschichte weiter: 400 Karriere-Tore f\u00fcr \u201eAuba\u201c. <\/b><\/p>\n<p class=\"mb20 mt30\">Olympique Marseille ist zumindest vor\u00fcbergehend neuer Tabellenf\u00fchrer der franz\u00f6sischen Ligue 1. Dass dies am Freitagabend beim 5:1 (2:0) bei <a href=\"https:\/\/www.fussballdaten.de\/vereine\/ogc-nizza\/\" title=\"Profil von OGC Nizza\" rel=\"nofollow noopener\" target=\"_blank\">OGC Nizza<\/a> so kam, verdankte man bei \u201eOM\u201c auch dem ehemaligen Dortmund-Profi Pierre-Emerick Aubameyang. <\/p>\n<p class=\"mb20 mt30\">Der 36-j\u00e4hrige St\u00fcrmer aus Gabun schoss Marseille in der elften Minute mit dem 1:0 auf die Siegerstra\u00dfe.<\/p>\n<p><b>\u201eEine echte Legende\u201c<\/b><\/p>\n<p class=\"mb20 mt30\">Es war das 400. Karriere-Tor f\u00fcr den einstigen BVB-Publikumsliebling, der sich im Januar 2018 praktisch zum <a href=\"https:\/\/www.fussballdaten.de\/vereine\/fc-arsenal\/\" title=\"Profil von FC Arsenal\" rel=\"nofollow noopener\" target=\"_blank\">FC Arsenal<\/a> streikte \u2013 und den Dortmundern eine Abl\u00f6se von 63,75 Mio. Euro bescherte.<\/p>\n<p class=\"mb20 mt30\">Seitdem hatte die Borussia nie mehr einen leichtf\u00fc\u00dfigeren Torj\u00e4ger als den Salto-Jubler aus Gabun, der am 18. Juni 1989 im franz\u00f6sischen Laval geboren wurde.<\/p>\n<p class=\"mb20 mt30\">\u201eMarseille feiert eine echte Legende\u201c, hie\u00df nach diesem historischen Meilenstein von Pierre-Emerick Aubameyang bei 365scores.com.<\/p>\n<p class=\"mb20 mt30\">V\u00f6llig zu Recht, denn das Spiel in Nizza war das Spiel von \u201eAuba\u201c, wie der 1,86 m gro\u00dfe St\u00fcrmer auch genannt wird.<\/p>\n<ul class=\"mb20 mt30\">\n<li>Aubameyang in Nizza, das waren auch f\u00fcnf Ballkontakte im gegnerischen Strafraum, vier herausgearbeitete Chancen und zwei Tor-Vorlagen, zum 0:4 von <a href=\"https:\/\/www.fussballdaten.de\/person\/timothy-weah\/\" title=\"Profil von Timothy Weah\" rel=\"nofollow noopener\" target=\"_blank\">Timothy Weah<\/a>, Sohn von Liberia-Idol George Weah (59), und Igor Paixao (58. \/ 74.).<\/li>\n<\/ul>\n<p><b>400 Tore \u2013 Aber f\u00fcr welchen Klub traf Pierre-Emerick Aubameyang am h\u00e4ufigsten?<\/b><\/p>\n<ul class=\"mb20 mt30\">\n<li>Es waren die Tor-Beteiligungen acht, neun und zehn in elf Ligue-1-Spielen in dieser Saison f\u00fcr Aubameyang, viel besser kannst du ein Jubil\u00e4umsspiel nicht absolvieren!<\/li>\n<li>Und trotz seines unsch\u00f6nen Abgangs: F\u00fcr keinen Verein erzielte Pierre-Emerick Aubameyang in seiner Klub-Karriere mehr Tore als f\u00fcr den BVB, f\u00fcr den er in 213 Pflichtspielen 141-mal netzte.<\/li>\n<li>2017 wurde er Torsch\u00fctzenk\u00f6nig der Bundesliga sowie DFB-Pokalsieger mit dem BVB.<\/li>\n<li>Nur f\u00fcr <a href=\"https:\/\/www.fussballdaten.de\/vereine\/borussia-dortmund\/\" title=\"Profil von Borussia Dortmund\" rel=\"nofollow noopener\" target=\"_blank\">Borussia Dortmund<\/a> traf Aubameyang dreistellig.<\/li>\n<li>Aus London nahm er vom FC Arsenal 92 Karriere-Tore aus allen Wettbewerben und den FA Cup (2020) mit.<\/li>\n<li>Kein Erfolg war Aubameyangs zweite Station in der englischen Premier League respektive in der britischen Hauptstadt: F\u00fcr den FC Chelsea traf er in 21 Auftritten nur drei Mal. \u201eDieser Transfer war ein verf\u2026 er Fehler\u201c, r\u00e4umte Aubameyang am 13. November 2025 bei YouTube ein. <\/li>\n<\/ul>\n<ul class=\"mb20 mt30\">\n<li>Eine schm\u00e4lere Tor-Ausbeute gab es f\u00fcr den Angreifer nur bei der <a href=\"https:\/\/www.fussballdaten.de\/vereine\/as-monaco\/\" title=\"Profil von AS Monaco\" rel=\"nofollow noopener\" target=\"_blank\">AS Monaco<\/a> und bei OSC Lille \u2013 je zwei Treffer.<\/li>\n<\/ul>\n","protected":false},"excerpt":{"rendered":"Er war der \u201eWham! Bam! I am the Man\u201c-Mann der Bundesliga \u2013 Pierre-Emerick Aubameyang (36). Am Freitagabend schrieb&hellip;\n","protected":false},"author":2,"featured_media":597161,"comment_status":"","ping_status":"","sticky":false,"template":"","format":"standard","meta":{"footnotes":""},"categories":[3974],"tags":[142765,331,332,548,663,3934,3980,156,13,14,15,89222,12],"class_list":{"0":"post-597160","1":"post","2":"type-post","3":"status-publish","4":"format-standard","5":"has-post-thumbnail","7":"category-frankreich","8":"tag-400-tore","9":"tag-aktuelle-nachrichten","10":"tag-aktuelle-news","11":"tag-eu","12":"tag-europa","13":"tag-europe","14":"tag-france","15":"tag-frankreich","16":"tag-headlines","17":"tag-nachrichten","18":"tag-news","19":"tag-pierre-emerick-aubameyang","20":"tag-schlagzeilen"},"share_on_mastodon":{"url":"","error":""},"_links":{"self":[{"href":"https:\/\/www.europesays.com\/de\/wp-json\/wp\/v2\/posts\/597160","targetHints":{"allow":["GET"]}}],"collection":[{"href":"https:\/\/www.europesays.com\/de\/wp-json\/wp\/v2\/posts"}],"about":[{"href":"https:\/\/www.europesays.com\/de\/wp-json\/wp\/v2\/types\/post"}],"author":[{"embeddable":true,"href":"https:\/\/www.europesays.com\/de\/wp-json\/wp\/v2\/users\/2"}],"replies":[{"embeddable":true,"href":"https:\/\/www.europesays.com\/de\/wp-json\/wp\/v2\/comments?post=597160"}],"version-history":[{"count":0,"href":"https:\/\/www.europesays.com\/de\/wp-json\/wp\/v2\/posts\/597160\/revisions"}],"wp:featuredmedia":[{"embeddable":true,"href":"https:\/\/www.europesays.com\/de\/wp-json\/wp\/v2\/media\/597161"}],"wp:attachment":[{"href":"https:\/\/www.europesays.com\/de\/wp-json\/wp\/v2\/media?parent=597160"}],"wp:term":[{"taxonomy":"category","embeddable":true,"href":"https:\/\/www.europesays.com\/de\/wp-json\/wp\/v2\/categories?post=597160"},{"taxonomy":"post_tag","embeddable":true,"href":"https:\/\/www.europesays.com\/de\/wp-json\/wp\/v2\/tags?post=597160"}],"curies":[{"name":"wp","href":"https:\/\/api.w.org\/{rel}","templated":true}]}}