{"id":597188,"date":"2025-11-23T20:17:18","date_gmt":"2025-11-23T20:17:18","guid":{"rendered":"https:\/\/www.europesays.com\/de\/597188\/"},"modified":"2025-11-23T20:17:18","modified_gmt":"2025-11-23T20:17:18","slug":"mauern-oeffnen-zeigt-beeindruckende-skulpturen","status":"publish","type":"post","link":"https:\/\/www.europesays.com\/de\/597188\/","title":{"rendered":"Mauern \u00f6ffnen zeigt beeindruckende Skulpturen"},"content":{"rendered":"<ul>\n<li>Die f\u00fcnfte Ausstellung des Vereins &#8222;Mauern \u00f6ffnen&#8220; in St. Magnus zeigte rund 800 Kunstwerke, die von Insassen der JVA Bremen in drei Bildhauerwerkst\u00e4tten geschaffen wurden.<\/li>\n<li>Zu den ausgestellten Werken geh\u00f6rten Skulpturen wie Pinguine, Drachen, Robben, Weihnachtsm\u00e4nner, Adler, Koalas, Giraffen und das Vereinslogo: eine Schildkr\u00f6te mit Rose.<\/li>\n<li>Besonders hervorgehoben wurden die Arbeiten des K\u00fcnstlers A, und Besucher wie Stephan und Anneke Meyer sowie Ute Appel und Katharina Noack fanden Gefallen an den kreativen Exponaten.<\/li>\n<\/ul>\n<p>            Mehr anzeigen<br \/>\n            Weniger anzeigen<\/p>\n<p> Auf dem Hof vor der Scheune der Stiftung Haus Kr\u00e4nholm sa\u00df eine Gruppe Pinguine auf Eisbl\u00f6cken aus Styropor. Weiter hinten schl\u00e4ngelten sich Drachen auf dem Rasen und gro\u00dfe Robben warteten auf der anderen Seite auf Spazierg\u00e4nger und potenzielle K\u00e4ufer, die bei viel Sonnenschein gerne unterwegs waren und vorbeischauten bei &#8222;Ofenfrisch&#8220;, der zweit\u00e4gigen Ausstellung des Vereins &#8222;Mauern \u00f6ffnen&#8220;. Zum f\u00fcnften Mal fand sie bereits in St. Magnus statt und pr\u00e4sentierte rund 800 gro\u00dfe und kleine Arbeitsergebnisse aus den drei Bildhauerwerkst\u00e4tten der Justizvollzugsanstalt (JVA) Bremen.<\/p>\n<p>    <img decoding=\"async\" data-w=\"1200 1 Landscape\" alt=\"Auch dieses Exponat ist in den Bildhauerwerkst\u00e4tten der Justizvollzugsanstalt Bremen entstanden.\" class=\"inline-gallery__image withsrc\" style=\"max-height:unset;aspect-ratio:16\/9\" loading=\"lazy\"   src=\"https:\/\/www.europesays.com\/de\/wp-content\/uploads\/2025\/11\/Landscapest-magnus-kr-nholm-ausstellung-ofenfrisch-des-vereins-mauern-ffnen.webp.webp\"\/><\/p>\n<p>Auch dieses Exponat ist in den Bildhauerwerkst\u00e4tten der Justizvollzugsanstalt Bremen entstanden.<\/p>\n<p>                    Foto:<br \/>\n     Christian Kosak <\/p>\n<p>Martina Benz, K\u00fcnstlerin und zweite Vereinsvorsitzende, erz\u00e4hlt, was es mit dem Titel der Ausstellung auf sich hat: &#8222;Es sind aktuelle Arbeiten dieses Jahres und die Keramikst\u00fccke wurden im Ofen gebrannt.&#8220; Blickfang und zugleich Titelbild auf Ausstellungsflyern war ein \u00fcberdimensionaler Hamburger des K\u00fcnstlers A, so detailgenau gearbeitet und so gelungen, dass Vereinsvorsitzender Dr. Stefan Luft mit dem Werk seine &#8222;Probleme&#8220; hatte: &#8222;Der macht Hunger!&#8220;. Begeistert vom Riesenhamburger war auch Stephan Meyer aus Lesum, der mit seiner Frau Anneke zum Kr\u00e4nholm gekommen war. Herausragend sei die Arbeit des K\u00fcnstlers A und Anneke Meyer fand au\u00dferdem auch einen Talgklops mit Nudelholzabdruck in der Masse besonders gelungen. &#8222;Da hat jemand einmal quergedacht.&#8220; Die Meyers sind regelm\u00e4\u00dfig auf den Ausstellungen von &#8222;Mauern \u00f6ffnen&#8220; und haben bereits &#8222;Helga&#8220;, das Nilpferd, und eine ganze Weltraumausstellung mit vielen Einzelteilen aus den Werkst\u00e4tten der JVA erworben. &#8222;Das ist ein toller Job, den die dort mit den Insassen machen&#8220;, findet Stephan Meyer, der vor einiger Zeit sogar die seltene Gelegenheit hatte, besichtigen zu d\u00fcrfen, wie die Bildhauerwerkst\u00e4tten hinter den Gef\u00e4ngnismauern arbeiten. &#8222;Wir kommen immer fr\u00fch, sonst sind alle besonderen Werke schon weg&#8220;, hat Meyer die Erfahrung gemacht. Der Drache auf Stein von A war so ein Arbeitsergebnis, das schnell den Besitzer wechselte. &#8222;A ist 40 Jahre alt und seit zwei Jahren in der Au\u00dfenwerkstatt und was er erschafft, verkauft sich immer&#8220;, hat Martina Benz die Erfahrung gemacht.<\/p>\n<p>    <img decoding=\"async\" data-w=\"1200 1 Landscape\" alt=\"Drachen in verschiedenen Ausf\u00fchrungen wurden pr\u00e4sentiert.\" class=\"inline-gallery__image withsrc\" style=\"max-height:unset;aspect-ratio:16\/9\" loading=\"lazy\"   src=\"https:\/\/www.europesays.com\/de\/wp-content\/uploads\/2025\/11\/1763929037_364_Landscapest-magnus-kr-nholm-ausstellung-ofenfrisch-des-vereins-mauern-ffnen.webp.webp\"\/><\/p>\n<p>Drachen in verschiedenen Ausf\u00fchrungen wurden pr\u00e4sentiert.<\/p>\n<p>                    Foto:<br \/>\n     Christian Kosak <\/p>\n<p>Ute Appel aus Lesum und ihre Tennisfreundin Katharina Noack aus St. Magnus trafen sich zuf\u00e4llig vor der Scheune von Haus Kr\u00e4nholm und wurden schnell nach Ausstellungser\u00f6ffnung f\u00fcndig. Sie waren auf der Suche nach Geschenken f\u00fcr Weihnachten und zum Geburtstag. Praktisch, mit dem Auto wurde kurz bis vor die Scheune gefahren, Vereinsmitglieder halfen, die Geschenke in Schutzfolie einzuwickeln und einzuladen, und danach wurde der Platz f\u00fcr die n\u00e4chsten Transporte ger\u00e4umt.<\/p>\n<p>Weihnachtsm\u00e4nner gab es auf der Ausstellung ebenso wie Koalas, Giraffen, einen Affen mit Kopfh\u00f6rern, die Stadtmusikanten und auch die Mainzelm\u00e4nnchen. Ein \u00fcber einen halben Meter gro\u00dfer Adler aus Eiche auf einem Blumenstrau\u00df in einer Vase thronte \u00fcber all den Exponaten in der Scheune.<\/p>\n<p>    <img decoding=\"async\" data-w=\"1200 1 Portrait\" alt=\"Auch tierische Motive hatten Platz in der Ausstellung &quot;Ofenfrisch&quot; des Vereins Mauern \u00f6ffnen.\" class=\"inline-gallery__image withsrc\" style=\"width:auto;max-height:none;object-fit:cover;\" loading=\"lazy\"   src=\"https:\/\/www.europesays.com\/de\/wp-content\/uploads\/2025\/11\/Portraitst-magnus-kr-nholm-ausstellung-ofenfrisch-des-vereins-mauern-ffnen.webp.webp\"\/><\/p>\n<p>Auch tierische Motive hatten Platz in der Ausstellung &#8222;Ofenfrisch&#8220; des Vereins Mauern \u00f6ffnen.<\/p>\n<p>                    Foto:<br \/>\n     Christian Kosak <\/p>\n<p>Wer genau schaute und sich Zeit nahm, entdeckte \u00fcberall auch Schildkr\u00f6ten mit einer Rose auf dem Panzer, dem Vereinslogo. Das gibt es mittlerweile seit 25 Jahren und in St. Magnus war es erstmals auch auf Taschen zu erwerben. &#8222;Das Tier ist gefangen in einem Panzer und die rote Rose darauf ist ein Symbol der Liebe&#8220;, wei\u00df Martina Benz die Bedeutung des Logos zu erkl\u00e4ren, das auf einen damaligen 17-j\u00e4hrigen Kapitalverbrecher zur\u00fcckgeht, der einer der ersten jungen M\u00e4nner in der Jugendwerkstatt war. Er habe das sp\u00e4tere Motto erschaffen und mit seiner Erkl\u00e4rung alle ber\u00fchrt. Deshalb gab es neben vielen kleinen und gr\u00f6\u00dferen Artgenossen sogar eine Keramikschildkr\u00f6te mit Rose als Spardose und sogar Minischl\u00fcsseln.<\/p>\n<p>                    Wie unterst\u00fctzen die Bildhauerwerkst\u00e4tten der JVA Bremen die kreative Entwicklung der Insassen?<\/p>\n<p>Die Bildhauerwerkst\u00e4tten der JVA Bremen f\u00f6rdern die kreative Entwicklung der Insassen, indem sie ihnen erm\u00f6glichen, unter Anleitung von professionellen K\u00fcnstlern eigene Skulpturen aus Holz, Stein, Ton oder Keramik zu erschaffen und damit handwerkliche sowie gestalterische F\u00e4higkeiten zu erlernen. Die Insassen erfahren Wertsch\u00e4tzung und Selbstwirksamkeit, da ihre Werke in Ausstellungen pr\u00e4sentiert, \u00f6ffentlich installiert oder verkauft werden und somit gesellschaftliche Anerkennung erhalten. Dar\u00fcber hinaus bieten die Werkst\u00e4tten eine strukturierte, sinnstiftende T\u00e4tigkeit, die Teamf\u00e4higkeit, Durchhalteverm\u00f6gen und die Verarbeitung eigener Emotionen und Gedanken unterst\u00fctzt.<\/p>\n<p>Quellen<\/p>\n<p>                Diese Fragen und Antworten wurden mit KI basierend auf unseren Artikeln erstellt.<br \/>\n                <a class=\"more-btn\" href=\"https:\/\/www.weser-kurier.de\/generative-ki\/\" target=\"_blank\" rel=\"noopener\"><br \/>\n                    \u2192 Mehr Infos<br \/>\n                <\/a><\/p>\n<p>                        <a href=\"https:\/\/www.weser-kurier.de\/\" id=\"home\" class=\"button primary-primary font-size-15_1 m-0a customEvent\" data-layer-event-name=\"customEvent\" data-layer-trigger=\"click\" data-layer-category=\"artikelscoring\" data-layer-action=\"startseite_button\" data-layer-label=\"doc83dx118jgb7lg8q65sq\" data-layer-value=\"https:\/\/www.weser-kurier.de\/bremen\/stadtteil-burglesum\/1\" target=\"_blank\" rel=\"noopener\">Zur Startseite<\/a><\/p>\n","protected":false},"excerpt":{"rendered":"Die f\u00fcnfte Ausstellung des Vereins &#8222;Mauern \u00f6ffnen&#8220; in St. Magnus zeigte rund 800 Kunstwerke, die von Insassen der&hellip;\n","protected":false},"author":2,"featured_media":597189,"comment_status":"","ping_status":"","sticky":false,"template":"","format":"standard","meta":{"footnotes":""},"categories":[1824],"tags":[2420,3364,29,30],"class_list":{"0":"post-597188","1":"post","2":"type-post","3":"status-publish","4":"format-standard","5":"has-post-thumbnail","7":"category-bremen","8":"tag-bremen","9":"tag-de","10":"tag-deutschland","11":"tag-germany"},"share_on_mastodon":{"url":"https:\/\/pubeurope.com\/@de\/115600860547809745","error":""},"_links":{"self":[{"href":"https:\/\/www.europesays.com\/de\/wp-json\/wp\/v2\/posts\/597188","targetHints":{"allow":["GET"]}}],"collection":[{"href":"https:\/\/www.europesays.com\/de\/wp-json\/wp\/v2\/posts"}],"about":[{"href":"https:\/\/www.europesays.com\/de\/wp-json\/wp\/v2\/types\/post"}],"author":[{"embeddable":true,"href":"https:\/\/www.europesays.com\/de\/wp-json\/wp\/v2\/users\/2"}],"replies":[{"embeddable":true,"href":"https:\/\/www.europesays.com\/de\/wp-json\/wp\/v2\/comments?post=597188"}],"version-history":[{"count":0,"href":"https:\/\/www.europesays.com\/de\/wp-json\/wp\/v2\/posts\/597188\/revisions"}],"wp:featuredmedia":[{"embeddable":true,"href":"https:\/\/www.europesays.com\/de\/wp-json\/wp\/v2\/media\/597189"}],"wp:attachment":[{"href":"https:\/\/www.europesays.com\/de\/wp-json\/wp\/v2\/media?parent=597188"}],"wp:term":[{"taxonomy":"category","embeddable":true,"href":"https:\/\/www.europesays.com\/de\/wp-json\/wp\/v2\/categories?post=597188"},{"taxonomy":"post_tag","embeddable":true,"href":"https:\/\/www.europesays.com\/de\/wp-json\/wp\/v2\/tags?post=597188"}],"curies":[{"name":"wp","href":"https:\/\/api.w.org\/{rel}","templated":true}]}}