{"id":597223,"date":"2025-11-23T20:36:39","date_gmt":"2025-11-23T20:36:39","guid":{"rendered":"https:\/\/www.europesays.com\/de\/597223\/"},"modified":"2025-11-23T20:36:39","modified_gmt":"2025-11-23T20:36:39","slug":"hamburg-gntm-model-soll-ein-entfuehrer-der-block-kinder-sein-regional","status":"publish","type":"post","link":"https:\/\/www.europesays.com\/de\/597223\/","title":{"rendered":"Hamburg: GNTM-Model soll ein Entf\u00fchrer der Block-Kinder sein | Regional"},"content":{"rendered":"<p><b>Pl\u00f6tzlich tauchte im Prozess gegen Christina Block ein mysteri\u00f6ser Komplize der Entf\u00fchrer auf: Ein \u201edeutscher Riese\u201c soll die Block-Kinder an Silvester 2023\/24 mit den Israelis entf\u00fchrt und Vater Stephan Hensel zusammengeschlagen haben. Der Kidnapper soll Deutsch und Hebr\u00e4isch sprechen.<\/b><\/p>\n<p>Nach BILD-Informationen war er<b> <\/b>Kandidat der Sendung \u201eDie Bachelorette\u201c und posierte mit Kandidatinnen von \u201eGermany&#8217;s Next Topmodel\u201c. Wer der Mann ist und was er mit dem Fall Block zu tun hat, lesen Sie exklusiv mit BILDplus.<\/p>\n","protected":false},"excerpt":{"rendered":"Pl\u00f6tzlich tauchte im Prozess gegen Christina Block ein mysteri\u00f6ser Komplize der Entf\u00fchrer auf: Ein \u201edeutscher Riese\u201c soll die&hellip;\n","protected":false},"author":2,"featured_media":597224,"comment_status":"","ping_status":"","sticky":false,"template":"","format":"standard","meta":{"footnotes":"","_share_on_mastodon":"0"},"categories":[1826],"tags":[7038,1160,29,14272,2798,441,30,692,411,1114,16711,121,1269,1319,18709,18710,12185,1997,45],"class_list":["post-597223","post","type-post","status-publish","format-standard","has-post-thumbnail","category-hamburg","tag-block-house","tag-daenemark","tag-deutschland","tag-die-bachelorette","tag-entfuehrung","tag-fernsehen","tag-germany","tag-hamburg","tag-israel","tag-kinder","tag-luxushotel","tag-polizei","tag-prozess","tag-schweden","tag-sorgerecht","tag-sorgerechtsstreit","tag-staatsanwalt","tag-staatsanwaltschaft","tag-texttospeech"],"share_on_mastodon":{"url":"https:\/\/pubeurope.com\/@de\/115600935038433783","error":""},"_links":{"self":[{"href":"https:\/\/www.europesays.com\/de\/wp-json\/wp\/v2\/posts\/597223","targetHints":{"allow":["GET"]}}],"collection":[{"href":"https:\/\/www.europesays.com\/de\/wp-json\/wp\/v2\/posts"}],"about":[{"href":"https:\/\/www.europesays.com\/de\/wp-json\/wp\/v2\/types\/post"}],"author":[{"embeddable":true,"href":"https:\/\/www.europesays.com\/de\/wp-json\/wp\/v2\/users\/2"}],"replies":[{"embeddable":true,"href":"https:\/\/www.europesays.com\/de\/wp-json\/wp\/v2\/comments?post=597223"}],"version-history":[{"count":0,"href":"https:\/\/www.europesays.com\/de\/wp-json\/wp\/v2\/posts\/597223\/revisions"}],"wp:featuredmedia":[{"embeddable":true,"href":"https:\/\/www.europesays.com\/de\/wp-json\/wp\/v2\/media\/597224"}],"wp:attachment":[{"href":"https:\/\/www.europesays.com\/de\/wp-json\/wp\/v2\/media?parent=597223"}],"wp:term":[{"taxonomy":"category","embeddable":true,"href":"https:\/\/www.europesays.com\/de\/wp-json\/wp\/v2\/categories?post=597223"},{"taxonomy":"post_tag","embeddable":true,"href":"https:\/\/www.europesays.com\/de\/wp-json\/wp\/v2\/tags?post=597223"}],"curies":[{"name":"wp","href":"https:\/\/api.w.org\/{rel}","templated":true}]}}