{"id":597241,"date":"2025-11-23T20:47:24","date_gmt":"2025-11-23T20:47:24","guid":{"rendered":"https:\/\/www.europesays.com\/de\/597241\/"},"modified":"2025-11-23T20:47:24","modified_gmt":"2025-11-23T20:47:24","slug":"sie-ist-die-frau-von-ard-kommissar-felix-klare","status":"publish","type":"post","link":"https:\/\/www.europesays.com\/de\/597241\/","title":{"rendered":"Sie ist die Frau von ARD-Kommissar Felix Klare"},"content":{"rendered":"<p>Auch ihre Tochter ist bekannt <\/p>\n<p>Das ist die ber\u00fchmte Frau von &#8222;Tatort&#8220;-Kommissar Felix Klare<\/p>\n<p>23.11.2025 &#8211; 19:30 UhrLesedauer: 2 Min.<\/p>\n<p><a href=\"#focus-0\" class=\"transition-colors duration-200 block text-current relative\" data-sctrack=\"FocusGalleryImage.Reference\"><img fetchpriority=\"high\" data-testid=\"Opener.Image\" style=\"--lqipURL:url('https:\/\/images.t-online.de\/2025\/11\/WaibKhwU1klF\/0x209:4000x2250\/fit-in\/150x0\/filters:blur(25)\/felix-klare-der-schauspieler-spielt-den-kommissar-im-stuttgarter-tatort.jpg')\"   loading=\"eager\" src=\"https:\/\/www.europesays.com\/de\/wp-content\/uploads\/2025\/11\/felix-klare-der-schauspieler-spielt-den-kommissar-im-stuttgarter-tatort.jpg\" alt=\"Felix Klare: Der Schauspieler spielt den Kommissar im Stuttgarter &quot;Tatort&quot;.\" title=\"Felix Klare: Der Schauspieler spielt den Kommissar im Stuttgarter &quot;Tatort&quot;.\" width=\"4000\" height=\"2250\" class=\"bg-[url:var(--lqipURL)] bg-cover bg-center flex h-full w-full max-w-full\" decoding=\"async\"\/><img style=\"--width:32;--height:32\" loading=\"lazy\" src=\"https:\/\/www.t-online.de\/s\/paper\/_next\/static\/media\/zoom-in.f7dae02f.svg\" alt=\"Vergr\u00f6\u00dfern des Bildes\" title=\"Vergr\u00f6\u00dfern des Bildes\" class=\"block h-[calc(var(--height)_\/_16_*_1rem)] w-[calc(var(--width)_\/_16_*_1rem)] max-w-none absolute bottom-8 right-8 rounded-4 bg-snow p-8\" decoding=\"async\"\/><\/a><\/p>\n<p>Felix Klare: Der Schauspieler spielt den Kommissar im Stuttgarter &#8222;Tatort&#8220;. (Quelle: IMAGO\/Frank Hoermann\/SVEN SIMON)<\/p>\n<p class=\"font-bold text-18 leading-17\">Felix Klare ermittelt gerade wieder im Stuttgarter &#8222;Tatort&#8220;. Seit 17 Jahren steht er als Kommissar vor der Kamera. Auch privat setzt der Schauspieler auf Langfristigkeit.<\/p>\n<p class=\"text-18 leading-17\">Sebastian Bootz&#8216; neuester Fall ist ein besonders grausamer. Eine junge Frau liegt seit rund einem halben Jahr tot in ihrer Wohnung und niemand hat es bemerkt. Seit 2008 spielt <a class=\"transition-colors duration-200 cursor-pointer text-inherit no-underline text-salemsfur md:hover:text-magenta md:hover:border-magenta md:focus:text-magenta border-current border-b border-solid break-words\" href=\"https:\/\/www.t-online.de\/themen\/felix-klare\/\" data-sctrack=\"BodyAnchor\" target=\"_blank\" rel=\"noopener\">Felix Klare<\/a> die Rolle des Ermittlers im Stuttgarter &#8222;Tatort&#8220;. Auch in Sachen Beziehungen scheint der 47-J\u00e4hrige best\u00e4ndig zu sein. Seine Frau kennt er bereits seit \u00fcber 30 Jahren.<\/p>\n<p class=\"text-18 leading-17\">Schon im Alter von 14 Jahren lernten sich Klare und Zora Thiessen beim Konfirmandenunterricht kennen. Daraus sollte mehr werden. Mittlerweile sind die beiden verheiratet und haben vier gemeinsame Kinder.<\/p>\n<p class=\"text-18 leading-17\">&#8222;Die Geburten meiner vier Kinder \u2013 sie sind zwischen neun und 21 Jahren \u2013, so pathetisch das klingt, waren die bewegendsten Tage in meinem Leben, die haben f\u00fcr mich etwas G\u00f6ttliches&#8220;, sagte Klare im Oktober 2024 der evangelischen Kirchenzeitschrift &#8222;Chrismon&#8220;.<\/p>\n<p class=\"text-18 leading-17\">Klares Frau Thiessen ist Schauspielerin, der gemeinsame Beruf verbindet das Paar. 2014 sagte der &#8222;Tatort&#8220;-Kommissar den &#8222;Stuttgarter Nachrichten&#8220;: &#8222;Wir unterhalten uns schon viel \u00fcber die Arbeit. Es ist sch\u00f6n, wenn man sich privat und professionell in einem austauschen kann \u2013 f\u00fcr mich ist es auch interessant, wie das andere Geschlecht eine Rolle oder einen Film bewertet.&#8220; Er frage sie oft, wie sie als Frau bestimmte Themen sehe. &#8222;Das ist ein ganz gro\u00dfes Plus&#8220;, so Klare.<\/p>\n<p class=\"text-18 leading-17\">Thiessen absolvierte ihr Schauspielstudium in <a target=\"_blank\" class=\"transition-colors duration-200 cursor-pointer text-inherit no-underline text-salemsfur md:hover:text-magenta md:hover:border-magenta md:focus:text-magenta border-current border-b border-solid break-words\" href=\"https:\/\/muenchen.t-online.de\/region\/muenchen\/\" data-sctrack=\"BodyAnchor\" rel=\"noopener\">M\u00fcnchen<\/a> und spielte w\u00e4hrenddessen am Theater. 2008 war sie erstmals im Kinofilm &#8222;Der rote Punkt&#8220; zu sehen. Es folgten, neben anderen Kinofilmen, auch Episodenrollen im &#8222;Tatort&#8220; oder im &#8222;Polizeiruf 110&#8220;. 2022 spielte sie in &#8222;Dahoam is Dahoam&#8220; mit. Zuletzt wirkte sie 2025 in der Fernsehreihe &#8222;Marie f\u00e4ngt Feuer: Versch\u00fcttet&#8220; mit.<\/p>\n<p class=\"text-18 leading-17\">Die 2007 geborene Tochter Falka Klare ist mittlerweile ebenfalls Schauspielerin. 2020 gab sie ihr Deb\u00fct im Fernsehen mit dem Film &#8222;Tonio &amp; Julia&#8220;. Zuletzt war sie 2024 in einer Folge &#8222;Polizeiruf 110&#8220; zu sehen.<\/p>\n<p class=\"text-18 leading-17\">Im Juni 2025 posierte sie zusammen mit ihren ber\u00fchmten Eltern auf dem roten Teppich zum Filmfest in M\u00fcnchen. Dabei trug sie denselben Lippenstift wie ihre Mutter und strahlte f\u00fcr die anwesenden Fotografen im Arm ihres Vaters.<\/p>\n","protected":false},"excerpt":{"rendered":"Auch ihre Tochter ist bekannt Das ist die ber\u00fchmte Frau von &#8222;Tatort&#8220;-Kommissar Felix Klare 23.11.2025 &#8211; 19:30 UhrLesedauer:&hellip;\n","protected":false},"author":2,"featured_media":597242,"comment_status":"","ping_status":"","sticky":false,"template":"","format":"standard","meta":{"footnotes":""},"categories":[1773],"tags":[29,214,142775,122934,30,3523,1268,9675,141806,471,1780,218,215,142774],"class_list":{"0":"post-597241","1":"post","2":"type-post","3":"status-publish","4":"format-standard","5":"has-post-thumbnail","7":"category-serien","8":"tag-deutschland","9":"tag-entertainment","10":"tag-falka-klare","11":"tag-felix-klare","12":"tag-germany","13":"tag-kamera","14":"tag-muenchen","15":"tag-polizeiruf-110","16":"tag-sebastian-bootz","17":"tag-serien","18":"tag-series","19":"tag-tatort","20":"tag-unterhaltung","21":"tag-zora-thiessen"},"share_on_mastodon":{"url":"https:\/\/pubeurope.com\/@de\/115600979274987939","error":""},"_links":{"self":[{"href":"https:\/\/www.europesays.com\/de\/wp-json\/wp\/v2\/posts\/597241","targetHints":{"allow":["GET"]}}],"collection":[{"href":"https:\/\/www.europesays.com\/de\/wp-json\/wp\/v2\/posts"}],"about":[{"href":"https:\/\/www.europesays.com\/de\/wp-json\/wp\/v2\/types\/post"}],"author":[{"embeddable":true,"href":"https:\/\/www.europesays.com\/de\/wp-json\/wp\/v2\/users\/2"}],"replies":[{"embeddable":true,"href":"https:\/\/www.europesays.com\/de\/wp-json\/wp\/v2\/comments?post=597241"}],"version-history":[{"count":0,"href":"https:\/\/www.europesays.com\/de\/wp-json\/wp\/v2\/posts\/597241\/revisions"}],"wp:featuredmedia":[{"embeddable":true,"href":"https:\/\/www.europesays.com\/de\/wp-json\/wp\/v2\/media\/597242"}],"wp:attachment":[{"href":"https:\/\/www.europesays.com\/de\/wp-json\/wp\/v2\/media?parent=597241"}],"wp:term":[{"taxonomy":"category","embeddable":true,"href":"https:\/\/www.europesays.com\/de\/wp-json\/wp\/v2\/categories?post=597241"},{"taxonomy":"post_tag","embeddable":true,"href":"https:\/\/www.europesays.com\/de\/wp-json\/wp\/v2\/tags?post=597241"}],"curies":[{"name":"wp","href":"https:\/\/api.w.org\/{rel}","templated":true}]}}