{"id":597275,"date":"2025-11-23T21:08:31","date_gmt":"2025-11-23T21:08:31","guid":{"rendered":"https:\/\/www.europesays.com\/de\/597275\/"},"modified":"2025-11-23T21:08:31","modified_gmt":"2025-11-23T21:08:31","slug":"20-jaehriger-mann-aus-wiesbaden-vermisst","status":"publish","type":"post","link":"https:\/\/www.europesays.com\/de\/597275\/","title":{"rendered":"20-j\u00e4hriger Mann aus Wiesbaden vermisst"},"content":{"rendered":"<p>Die Polizei in Wiesbaden bittet die Bev\u00f6lkerung um Mithilfe bei der Suche nach dem 20-j\u00e4hrigen Luis-Santiago Macek. Das meldet das Polizeipr\u00e4sidium Westhessen.<\/p>\n<p>Der junge Mann wurde zuletzt am Donnerstag (20. November) um 8:30 Uhr an seiner Wohnanschrift in Wiesbaden gesehen. Seit diesem Zeitpunkt ist sein Aufenthaltsort unbekannt und es gibt keine Spur von ihm.<\/p>\n<p>Luis-Santiago Macek wird als circa 1,80 Meter gro\u00df und von schlanker Statur beschrieben. Er hat schwarze, kinnlange Haare und einen Dreitage-Bart. Zuletzt trug er einen grauen Hoodie mit weiten \u00c4rmeln, eine dunkle Hose sowie beige Wildleder-Sneaker der Marke \u201eNike\u201c.<\/p>\n<p>Wer ihn gesehen hat oder Hinweise auf seinen Aufenthaltsort geben kann, soll die Polizei Wiesbaden unter der Telefonnummer 0611\/345-0 kontaktieren. Hinweise nimmt zudem jede andere Polizeidienststelle entgegen.<\/p>\n","protected":false},"excerpt":{"rendered":"Die Polizei in Wiesbaden bittet die Bev\u00f6lkerung um Mithilfe bei der Suche nach dem 20-j\u00e4hrigen Luis-Santiago Macek. Das&hellip;\n","protected":false},"author":2,"featured_media":597276,"comment_status":"","ping_status":"","sticky":false,"template":"","format":"standard","meta":{"footnotes":""},"categories":[1847],"tags":[3364,29,548,663,3934,30,13,2052,14,15,12,4544],"class_list":{"0":"post-597275","1":"post","2":"type-post","3":"status-publish","4":"format-standard","5":"has-post-thumbnail","7":"category-wiesbaden","8":"tag-de","9":"tag-deutschland","10":"tag-eu","11":"tag-europa","12":"tag-europe","13":"tag-germany","14":"tag-headlines","15":"tag-hessen","16":"tag-nachrichten","17":"tag-news","18":"tag-schlagzeilen","19":"tag-wiesbaden"},"share_on_mastodon":{"url":"https:\/\/pubeurope.com\/@de\/115601061034078838","error":""},"_links":{"self":[{"href":"https:\/\/www.europesays.com\/de\/wp-json\/wp\/v2\/posts\/597275","targetHints":{"allow":["GET"]}}],"collection":[{"href":"https:\/\/www.europesays.com\/de\/wp-json\/wp\/v2\/posts"}],"about":[{"href":"https:\/\/www.europesays.com\/de\/wp-json\/wp\/v2\/types\/post"}],"author":[{"embeddable":true,"href":"https:\/\/www.europesays.com\/de\/wp-json\/wp\/v2\/users\/2"}],"replies":[{"embeddable":true,"href":"https:\/\/www.europesays.com\/de\/wp-json\/wp\/v2\/comments?post=597275"}],"version-history":[{"count":0,"href":"https:\/\/www.europesays.com\/de\/wp-json\/wp\/v2\/posts\/597275\/revisions"}],"wp:featuredmedia":[{"embeddable":true,"href":"https:\/\/www.europesays.com\/de\/wp-json\/wp\/v2\/media\/597276"}],"wp:attachment":[{"href":"https:\/\/www.europesays.com\/de\/wp-json\/wp\/v2\/media?parent=597275"}],"wp:term":[{"taxonomy":"category","embeddable":true,"href":"https:\/\/www.europesays.com\/de\/wp-json\/wp\/v2\/categories?post=597275"},{"taxonomy":"post_tag","embeddable":true,"href":"https:\/\/www.europesays.com\/de\/wp-json\/wp\/v2\/tags?post=597275"}],"curies":[{"name":"wp","href":"https:\/\/api.w.org\/{rel}","templated":true}]}}