{"id":597277,"date":"2025-11-23T21:09:22","date_gmt":"2025-11-23T21:09:22","guid":{"rendered":"https:\/\/www.europesays.com\/de\/597277\/"},"modified":"2025-11-23T21:09:22","modified_gmt":"2025-11-23T21:09:22","slug":"polizeibericht-augsburg-vom-23-11-2025-presse-augsburg","status":"publish","type":"post","link":"https:\/\/www.europesays.com\/de\/597277\/","title":{"rendered":"Polizeibericht Augsburg vom 23.11.2025 | Presse Augsburg"},"content":{"rendered":"<p><strong>Hochfeld\u00a0\u2013 <a href=\"http:\/\/presse-augsburg.de\/thema\/polizei-co\/\" data-internallinksmanager029f6b8e52c=\"1\" title=\"Alle Polizeimeldungen\" target=\"_blank\" rel=\"noopener\">Polizei<\/a> ermittelt nach Brand<\/strong><\/p>\n<p>Am Freitag (21.11.2025) setzten ein oder mehrere bislang unbekannte T\u00e4ter eine M\u00fclltonne in der Robert-Gerber-Stra\u00dfe in Brand.<\/p>\n<p>Gegen 17.45 Uhr bemerkte ein Anwohner die rauchende Papiertonne und verst\u00e4ndigte den Notruf. Die Schadensh\u00f6he bel\u00e4uft sich auf etwa 200 Euro.<\/p>\n<p>Die Polizei ermittelt wegen Sachbesch\u00e4digung durch Brandlegung. Zeugenhinweise nimmt die Polizeiinspektion <a href=\"http:\/\/presse-augsburg.de\/region\/augsburg-stadt\/\" data-internallinksmanager029f6b8e52c=\"2\" title=\"Alle Nachrichten aus Augsburg\" target=\"_blank\" rel=\"noopener\">Augsburg<\/a> S\u00fcd unter der Telefonnummer 0821\/323-2710 entgegen.<\/p>\n<p><strong>Lechhausen\u00a0\u2013 Polizei ermittelt nach Unfallflucht<\/strong><\/p>\n<p>Am Samstag (22.11.2025) kam es zu einer Unfallflucht auf einem Supermarkt-Parkplatz in der Donaustra\u00dfe.<\/p>\n<p>Zwischen 12.25 Uhr und 12.55 Uhr besch\u00e4digte eine bislang unbekannte Person einen wei\u00dfen Seat Ibiza. Anschlie\u00dfend entfernte sich der bislang Unbekannte offenbar, ohne sich um den Schaden zu k\u00fcmmern. Es entstand ein Sachschaden von rund 2.500 Euro.<\/p>\n<p>Die Polizei ermittelt nun wegen unerlaubten Entfernens vom Unfallort. Zeugenhinweise nimmt die Polizeiinspektion Augsburg Ost unter der Telefonnummer 0821\/323-2310 entgegen.<\/p>\n<p><strong>Innenstadt\u00a0\u2013 Polizei stoppt E-Scooter-Fahrer unter Drogeneinfluss<\/strong><\/p>\n<p>Am Freitag (21.11.2025) war ein 19-J\u00e4hriger mit seinem E-Scooter unter Drogeneinfluss in der Ulmer Stra\u00dfe unterwegs.<\/p>\n<p>Gegen 21.45 Uhr kontrollierten Streifenbeamte den Mann. Bei der Verkehrskontrolle stellten die Beamten drogentypisches Verhalten bei dem 19-J\u00e4hrigen fest. Der 19-J\u00e4hrige gab zudem an, erst kurze Zeit zuvor Cannabis konsumiert zu haben. Die Beamten unterbanden die Weiterfahrt und veranlassten eine Blutentnahme bei dem 19-J\u00e4hrigen.<\/p>\n<p>Die Polizei ermittelt nun wegen eines Versto\u00dfes gegen das Stra\u00dfenverkehrsgesetz gegen den 19-J\u00e4hrigen.<\/p>\n<p><strong>Innenstadt\u00a0\u2013 Ladendieb gestoppt<\/strong><\/p>\n<p>Am Samstag entwendete ein 71-j\u00e4hriger Mann mehrere Gegenst\u00e4nde aus einem Supermarkt in der B\u00fcrgermeister-Fischer-Stra\u00dfe.<\/p>\n<p>Gegen 14.00 Uhr beobachtete ein Mitarbeiter den Mann, wie er mehrere Gegenst\u00e4nde an der SB-Kasse einscannte, diese jedoch nicht bezahlte. Der Mitarbeiter sprach den 71-J\u00e4hrigen daraufhin an und verst\u00e4ndigte die Polizei. Die Gegenst\u00e4nde hatten einen Warenwert im oberen zweistelligen Bereich.<\/p>\n<p>Bei der Durchsuchung des Mannes fanden die Einsatzkr\u00e4fte zudem ein Taschenmesser. Die Beamten beschlagnahmten das Taschenmesser. Der Mann wurde erkennungsdienstlich behandelt und nach Abschluss der polizeilichen Ma\u00dfnahmen entlie\u00dfen die Beamten den Mann wieder.<\/p>\n<p>Die Polizei ermittelt nun wegen Diebstahls mit Waffen gegen den 71-J\u00e4hrigen.<\/p>\n<p>Der 71-J\u00e4hrige hat die deutsche Staatsangeh\u00f6rigkeit.<\/p>\n<p>Auf dieser Seite lesen Sie die Pressemitteilungen der Polizeiinspektionen oder Feuerwehren. Diese werden \u00bbungepr\u00fcft\u00ab von uns ver\u00f6ffentlicht. F\u00fcr die Inhalte \u00fcbernimmt Presse <a href=\"https:\/\/presse-augsburg.de\/presse\/category\/region\/augsburg-stadt\/\" target=\"_blank\" rel=\"noopener\">Augsburg<\/a> keinerlei Verantwortung. Bei Fragen wenden Sie sich bitte an die jeweilige Dienststelle.<\/p>\n","protected":false},"excerpt":{"rendered":"Hochfeld\u00a0\u2013 Polizei ermittelt nach Brand Am Freitag (21.11.2025) setzten ein oder mehrere bislang unbekannte T\u00e4ter eine M\u00fclltonne in&hellip;\n","protected":false},"author":2,"featured_media":558591,"comment_status":"","ping_status":"","sticky":false,"template":"","format":"standard","meta":{"footnotes":""},"categories":[1846],"tags":[680,772,3364,29,548,663,3934,30,13,14,15,12],"class_list":{"0":"post-597277","1":"post","2":"type-post","3":"status-publish","4":"format-standard","5":"has-post-thumbnail","7":"category-augsburg","8":"tag-augsburg","9":"tag-bayern","10":"tag-de","11":"tag-deutschland","12":"tag-eu","13":"tag-europa","14":"tag-europe","15":"tag-germany","16":"tag-headlines","17":"tag-nachrichten","18":"tag-news","19":"tag-schlagzeilen"},"share_on_mastodon":{"url":"https:\/\/pubeurope.com\/@de\/115601064912537641","error":""},"_links":{"self":[{"href":"https:\/\/www.europesays.com\/de\/wp-json\/wp\/v2\/posts\/597277","targetHints":{"allow":["GET"]}}],"collection":[{"href":"https:\/\/www.europesays.com\/de\/wp-json\/wp\/v2\/posts"}],"about":[{"href":"https:\/\/www.europesays.com\/de\/wp-json\/wp\/v2\/types\/post"}],"author":[{"embeddable":true,"href":"https:\/\/www.europesays.com\/de\/wp-json\/wp\/v2\/users\/2"}],"replies":[{"embeddable":true,"href":"https:\/\/www.europesays.com\/de\/wp-json\/wp\/v2\/comments?post=597277"}],"version-history":[{"count":0,"href":"https:\/\/www.europesays.com\/de\/wp-json\/wp\/v2\/posts\/597277\/revisions"}],"wp:featuredmedia":[{"embeddable":true,"href":"https:\/\/www.europesays.com\/de\/wp-json\/wp\/v2\/media\/558591"}],"wp:attachment":[{"href":"https:\/\/www.europesays.com\/de\/wp-json\/wp\/v2\/media?parent=597277"}],"wp:term":[{"taxonomy":"category","embeddable":true,"href":"https:\/\/www.europesays.com\/de\/wp-json\/wp\/v2\/categories?post=597277"},{"taxonomy":"post_tag","embeddable":true,"href":"https:\/\/www.europesays.com\/de\/wp-json\/wp\/v2\/tags?post=597277"}],"curies":[{"name":"wp","href":"https:\/\/api.w.org\/{rel}","templated":true}]}}