{"id":597363,"date":"2025-11-23T22:09:16","date_gmt":"2025-11-23T22:09:16","guid":{"rendered":"https:\/\/www.europesays.com\/de\/597363\/"},"modified":"2025-11-23T22:09:16","modified_gmt":"2025-11-23T22:09:16","slug":"spd-kandidat-keip-zum-oberbuergermeister-von-brandenburg-an-der-havel-gewaehlt","status":"publish","type":"post","link":"https:\/\/www.europesays.com\/de\/597363\/","title":{"rendered":"SPD-Kandidat Keip zum Oberb\u00fcrgermeister von Brandenburg an der Havel gew\u00e4hlt"},"content":{"rendered":"<p>Daniel Keip (SPD) hat die Stichwahl um das Oberb\u00fcrgermeisteramt in Brandenburg an der Havel gewonnen. Er setzte sich am Sonntag mit 60,4 Prozent der Stimmen gegen den CDU-Kandidaten und bisherigen Amtsinhaber Steffen Scheller durch (der auf 39,6 Prozent der Stimmen kam).<\/p>\n<p>Auch das erforderliche Quorum von 15 Prozent der g\u00fcltigen Stimme wurde erreicht. Die Wahlbeteiligung war allerdings gering, sie lag bei nur 39,2 Prozent.<\/p>\n","protected":false},"excerpt":{"rendered":"Daniel Keip (SPD) hat die Stichwahl um das Oberb\u00fcrgermeisteramt in Brandenburg an der Havel gewonnen. Er setzte sich&hellip;\n","protected":false},"author":2,"featured_media":597364,"comment_status":"","ping_status":"","sticky":false,"template":"","format":"standard","meta":{"footnotes":""},"categories":[1825],"tags":[1941,1939,296,1937,1890,142784,29,30,1940,1938,134296],"class_list":{"0":"post-597363","1":"post","2":"type-post","3":"status-publish","4":"format-standard","5":"has-post-thumbnail","7":"category-berlin","8":"tag-aktuelle-nachrichten-aus-berlin","9":"tag-aktuelle-news-aus-berlin","10":"tag-berlin","11":"tag-berlin-news","12":"tag-brandenburg","13":"tag-brandenburg-havel","14":"tag-deutschland","15":"tag-germany","16":"tag-nachrichten-aus-berlin","17":"tag-news-aus-berlin","18":"tag-rbb24tagesschau"},"share_on_mastodon":{"url":"https:\/\/pubeurope.com\/@de\/115601300997932985","error":""},"_links":{"self":[{"href":"https:\/\/www.europesays.com\/de\/wp-json\/wp\/v2\/posts\/597363","targetHints":{"allow":["GET"]}}],"collection":[{"href":"https:\/\/www.europesays.com\/de\/wp-json\/wp\/v2\/posts"}],"about":[{"href":"https:\/\/www.europesays.com\/de\/wp-json\/wp\/v2\/types\/post"}],"author":[{"embeddable":true,"href":"https:\/\/www.europesays.com\/de\/wp-json\/wp\/v2\/users\/2"}],"replies":[{"embeddable":true,"href":"https:\/\/www.europesays.com\/de\/wp-json\/wp\/v2\/comments?post=597363"}],"version-history":[{"count":0,"href":"https:\/\/www.europesays.com\/de\/wp-json\/wp\/v2\/posts\/597363\/revisions"}],"wp:featuredmedia":[{"embeddable":true,"href":"https:\/\/www.europesays.com\/de\/wp-json\/wp\/v2\/media\/597364"}],"wp:attachment":[{"href":"https:\/\/www.europesays.com\/de\/wp-json\/wp\/v2\/media?parent=597363"}],"wp:term":[{"taxonomy":"category","embeddable":true,"href":"https:\/\/www.europesays.com\/de\/wp-json\/wp\/v2\/categories?post=597363"},{"taxonomy":"post_tag","embeddable":true,"href":"https:\/\/www.europesays.com\/de\/wp-json\/wp\/v2\/tags?post=597363"}],"curies":[{"name":"wp","href":"https:\/\/api.w.org\/{rel}","templated":true}]}}