{"id":597393,"date":"2025-11-23T22:26:15","date_gmt":"2025-11-23T22:26:15","guid":{"rendered":"https:\/\/www.europesays.com\/de\/597393\/"},"modified":"2025-11-23T22:26:15","modified_gmt":"2025-11-23T22:26:15","slug":"nach-treffen-im-weissen-haus-zohran-mamdani-sieht-trump-weiterhin-als-faschisten","status":"publish","type":"post","link":"https:\/\/www.europesays.com\/de\/597393\/","title":{"rendered":"Nach Treffen im Wei\u00dfen Haus: Zohran Mamdani sieht Trump weiterhin als Faschisten"},"content":{"rendered":"<p>Das Treffen zwischen dem k\u00fcnftigen New Yorker B\u00fcrgermeister Zohran Mamdani und US-Pr\u00e4sident Donald Trump lief vers\u00f6hnlich ab. Mamdani hatte Trump zuvor als Faschisten bezeichnet \u2013 und tut es auch danach noch.<\/p>\n<p class=\"is-first-paragraph\" data-external=\"Article.FirstParagraph\">Nach ihrem <a class=\"is-link c-block-items__link c-link--rich-text-renderer\" href=\"https:\/\/www.welt.de\/wirtschaft\/article6920e5ba18b978b3b9f54cf0\/treffen-mit-trump-im-weissen-haus-wirkt-zohran-mamdani-ploetzlich-ganz-handzahm.html\" data-internal-tracking-enabled=\"true\" data-internal-tracking=\"{&quot;action&quot;:&quot;click&quot;,&quot;label&quot;:&quot;link&quot;,&quot;name&quot;:&quot;Inline Element&quot;,&quot;data&quot;:{&quot;source&quot;:&quot;&quot;,&quot;target&quot;:&quot;https:\/\/www.welt.de\/wirtschaft\/article6920e5ba18b978b3b9f54cf0\/treffen-mit-trump-im-weissen-haus-wirkt-zohran-mamdani-ploetzlich-ganz-handzahm.html&quot;,&quot;trackingName&quot;:&quot;&quot;,&quot;trackingLabel&quot;:&quot;&quot;}}\" rel=\"nofollow noopener\" target=\"_blank\">betont vers\u00f6hnlichen Treffen im Wei\u00dfen Haus<\/a> hat der k\u00fcnftige New Yorker B\u00fcrgermeister Zohran Mamdani bekr\u00e4ftigt, dass er <a class=\"is-link c-block-items__link c-link--rich-text-renderer\" href=\"https:\/\/www.welt.de\/themen\/donald-trump\/\" data-internal-tracking-enabled=\"true\" data-internal-tracking=\"{&quot;action&quot;:&quot;click&quot;,&quot;label&quot;:&quot;link&quot;,&quot;name&quot;:&quot;Inline Element&quot;,&quot;data&quot;:{&quot;source&quot;:&quot;&quot;,&quot;target&quot;:&quot;https:\/\/www.welt.de\/themen\/donald-trump\/&quot;,&quot;trackingName&quot;:&quot;&quot;,&quot;trackingLabel&quot;:&quot;&quot;}}\" rel=\"nofollow noopener\" target=\"_blank\">US-Pr\u00e4sident Donald Trump<\/a> weiterhin als Faschisten sieht. \u201eDas ist etwas, was ich in der Vergangenheit gesagt habe, und ich sage es heute\u201c, betonte Mamdani am Sonntag im TV-Sender NBC News. An dem Gespr\u00e4ch mit dem Pr\u00e4sidenten habe er gesch\u00e4tzt, dass sie sich nicht gescheut h\u00e4tten, ihre Meinungsverschiedenheiten anzusprechen.<\/p>\n<p>Mamdani nannte das Treffen mit dem Pr\u00e4sidenten \u201eproduktiv, ein Treffen, das immer wieder auf die zentralen Themen unserer Kampagne zur\u00fcckkam: die Kosten f\u00fcr Wohnen, f\u00fcr Kinderbetreuung, f\u00fcr Lebensmittel\u201c und Weiteres.<\/p>\n<p>Trump hatte dem Politiker vom linken Fl\u00fcgel der Demokratischen Partei nach dem Treffen am Freitag seine Unterst\u00fctzung in Aussicht gestellt. \u201eWir werden ihm helfen, den Traum aller wahr werden zu lassen: ein starkes und sehr sicheres New York zu bekommen.\u201c Er sei sich mit dem 34-J\u00e4hrigen in viel mehr Dingen einig, als er gedacht habe, sagte Trump. Er werde Mamdani dabei unterst\u00fctzen, ein \u201egro\u00dfartiger B\u00fcrgermeister\u201c zu werden.<\/p>\n<p>Trump hatte Mamdani im Wahlkampf wiederholt als \u201eKommunisten\u201c geschm\u00e4ht und ihm mit Abschiebung gedroht. Zudem wollte er New York im Fall von Mamdanis Wahl Bundesmittel entziehen. Mamdani verspricht eine Mietpreisbremse, kostenlose Busse und Kinderbetreuung. Finanzieren will er dies \u00fcber h\u00f6here Steuern f\u00fcr Reiche und Unternehmen.<\/p>\n<p>Mamdani hatte am 4. November mit deutlichem Vorsprung die B\u00fcrgermeisterwahl gewonnen. Er tritt am 1. Januar die Nachfolge von Stadtoberhaupt Eric Adams an. Der in Uganda geborene Mamdani ist der erste Muslim auf dem Posten.<\/p>\n<p>AFP\/lay<\/p>\n","protected":false},"excerpt":{"rendered":"Das Treffen zwischen dem k\u00fcnftigen New Yorker B\u00fcrgermeister Zohran Mamdani und US-Pr\u00e4sident Donald Trump lief vers\u00f6hnlich ab. Mamdani&hellip;\n","protected":false},"author":2,"featured_media":597394,"comment_status":"","ping_status":"","sticky":false,"template":"","format":"standard","meta":{"footnotes":""},"categories":[3],"tags":[15323,114,13,75081,14,39642,15,110,12,10,8,9,11,113,64,716,103,104,134297],"class_list":{"0":"post-597393","1":"post","2":"type-post","3":"status-publish","4":"format-standard","5":"has-post-thumbnail","7":"category-welt","8":"tag-balken-inbox","9":"tag-donald-geb-1946","10":"tag-headlines","11":"tag-mamdani","12":"tag-nachrichten","13":"tag-new-york-city","14":"tag-news","15":"tag-newsteam","16":"tag-schlagzeilen","17":"tag-top-news","18":"tag-top-meldungen","19":"tag-topmeldungen","20":"tag-topnews","21":"tag-trump","22":"tag-usa","23":"tag-usa-politik","24":"tag-welt","25":"tag-world","26":"tag-zohran"},"share_on_mastodon":{"url":"https:\/\/pubeurope.com\/@de\/115601367515238340","error":""},"_links":{"self":[{"href":"https:\/\/www.europesays.com\/de\/wp-json\/wp\/v2\/posts\/597393","targetHints":{"allow":["GET"]}}],"collection":[{"href":"https:\/\/www.europesays.com\/de\/wp-json\/wp\/v2\/posts"}],"about":[{"href":"https:\/\/www.europesays.com\/de\/wp-json\/wp\/v2\/types\/post"}],"author":[{"embeddable":true,"href":"https:\/\/www.europesays.com\/de\/wp-json\/wp\/v2\/users\/2"}],"replies":[{"embeddable":true,"href":"https:\/\/www.europesays.com\/de\/wp-json\/wp\/v2\/comments?post=597393"}],"version-history":[{"count":0,"href":"https:\/\/www.europesays.com\/de\/wp-json\/wp\/v2\/posts\/597393\/revisions"}],"wp:featuredmedia":[{"embeddable":true,"href":"https:\/\/www.europesays.com\/de\/wp-json\/wp\/v2\/media\/597394"}],"wp:attachment":[{"href":"https:\/\/www.europesays.com\/de\/wp-json\/wp\/v2\/media?parent=597393"}],"wp:term":[{"taxonomy":"category","embeddable":true,"href":"https:\/\/www.europesays.com\/de\/wp-json\/wp\/v2\/categories?post=597393"},{"taxonomy":"post_tag","embeddable":true,"href":"https:\/\/www.europesays.com\/de\/wp-json\/wp\/v2\/tags?post=597393"}],"curies":[{"name":"wp","href":"https:\/\/api.w.org\/{rel}","templated":true}]}}