{"id":597395,"date":"2025-11-23T22:27:16","date_gmt":"2025-11-23T22:27:16","guid":{"rendered":"https:\/\/www.europesays.com\/de\/597395\/"},"modified":"2025-11-23T22:27:16","modified_gmt":"2025-11-23T22:27:16","slug":"reaktion-auf-afd-aussage-brandenburgs-bsw-fraktionsvize-christian-dorst-tritt-zurueck","status":"publish","type":"post","link":"https:\/\/www.europesays.com\/de\/597395\/","title":{"rendered":"Reaktion auf AfD-Aussage: Brandenburgs BSW-Fraktionsvize Christian Dorst tritt zur\u00fcck"},"content":{"rendered":"<p class=\"paragraph article__item\">Mitten in einer schweren Krise ist der stellvertretende <a href=\"https:\/\/www.zeit.de\/thema\/buendnis-sahra-wagenknecht\" class=\"\" target=\"_blank\" rel=\"noopener\">BSW<\/a>-Fraktionschef im Brandenburger Landtag, Christian Dorst, von seinem Amt zur\u00fcckgetreten. Hintergrund ist seine Reaktion auf eine \u00c4u\u00dferung des AfD-Politikers\u00a0Ulrich Siegmund zur NS-Zeit. Dorst hatte Verst\u00e4ndnis daf\u00fcr gezeigt, dass sich Siegmund bei der Bewertung von Verbrechen in der NS-Zeit nicht festlegen wollte.\n<\/p>\n<p class=\"paragraph article__item\">Der BSW-Fraktionsvorsitzende Niels-Olaf L\u00fcders teilte mit, dass Dorst seinen R\u00fccktritt als Fraktionsvize erkl\u00e4rt habe. Die BSW-Fraktion im <a href=\"https:\/\/www.zeit.de\/thema\/brandenburg\" class=\"\" target=\"_blank\" rel=\"noopener\">Brandenburger<\/a> Landtag ist derzeit nach vier Parteiaustritten <a href=\"https:\/\/www.zeit.de\/politik\/deutschland\/2025-11\/bsw-brandenburg-medienstaatsvertrag-gxe\" class=\"\" target=\"_blank\" rel=\"noopener\">in einer schweren Krise<\/a>, die auch die Koalition aus SPD und <a class=\"rtr-entity\" href=\"https:\/\/www.zeit.de\/thema\/buendnis-sahra-wagenknecht\" target=\"_blank\" rel=\"noopener\">BSW<\/a> ins Wanken bringt.\n<\/p>\n<p class=\"paragraph article__item\">Siegmund, der Sachsen-Anhalts<br \/>\nAfD-Spitzenkandidat f\u00fcr die Landtagswahl 2026 ist,\u00a0hatte in einem Podcast des Portals Politico auf die<br \/>\n Frage gesagt, ob die NS-Zeit &#8222;das Schlimmste der Menschheit&#8220; gewesen<br \/>\nsei: &#8222;Das ma\u00dfe ich mir nicht an zu bewerten, weil ich die gesamte<br \/>\nMenschheit nicht aufarbeiten kann und aus allen Verbrechen dieser<br \/>\nMenschheit nat\u00fcrlich lernen muss.&#8220;\n<\/p>\n<p>        Dorst: &#8222;Man kann das allerdings auch v\u00f6llig anders bewerten&#8220;        <\/p>\n<p class=\"paragraph article__item\">Der bisherige BSW-Fraktionsvize<br \/>\n Dorst zeigte bei X Verst\u00e4ndnis f\u00fcr diese Aussage. Man k\u00f6nne die \u00c4u\u00dferung von Siegmund als &#8222;Vorstufe<br \/>\n zur Leugnung des Holocaust&#8220; bewerten, sagte der BSW-Abgeordnete.<br \/>\n &#8222;Man kann das allerdings auch v\u00f6llig anders bewerten.&#8220; Frei nach dem<br \/>\nMotto: &#8222;Ich wei\u00df, dass ich nichts wei\u00df&#8220;, sagte Dorst. Letztere<br \/>\nInterpretation lasse den AfD-Spitzenmann v\u00f6llig anders erscheinen als<br \/>\nerstere.\n<\/p>\n<p>Mehr zum Thema<\/p>\n<p>                <a href=\"https:\/\/www.zeit.de\/politik\/deutschland\/2025-11\/bsw-brandenburg-medienstaatsvertrag-gxe\" data-ct-label=\"Streit um Medienstaatsvertr\u00e4ge: Vier BSW-Abgeordnete verlassen Partei in Brandenburg\" target=\"_blank\" rel=\"noopener\"><\/p>\n<p>                        Streit um Medienstaatsvertr\u00e4ge:<br \/>\n                        Vier BSW-Abgeordnete verlassen Partei in Brandenburg<\/p>\n<p>                <\/a><\/p>\n<p>                <a href=\"https:\/\/www.zeit.de\/politik\/deutschland\/2025-11\/sahra-wagenknecht-bsw-rueckzug-parteivorsitz\" data-ct-label=\"Sahra Wagenknecht: B\u00fcndnis Sahra Wankelmut\" target=\"_blank\" rel=\"noopener\"><\/p>\n<p>                        Sahra Wagenknecht:<br \/>\n                        B\u00fcndnis Sahra Wankelmut<\/p>\n<p>                <\/a><\/p>\n<p>                <a href=\"https:\/\/www.zeit.de\/politik\/deutschland\/2025-11\/bsw-zukunft-sahra-wagenknecht-parteivorsitz-fuehrungsetage\" data-ct-label=\"BSW: So soll die neue F\u00fchrungsriege des BSW aussehen\" target=\"_blank\" rel=\"noopener\"><\/p>\n<p>                        BSW:<br \/>\n                        So soll die neue F\u00fchrungsriege des BSW aussehen<\/p>\n<p>                <\/a><\/p>\n<p class=\"paragraph article__item\"><a class=\"rtr-entity\" href=\"https:\/\/www.zeit.de\/thema\/brandenburg\" target=\"_blank\" rel=\"noopener\">Brandenburgs<\/a> BSW-Fraktionschef<br \/>\n L\u00fcders erkl\u00e4rte mit Blick auf seinen Parteifreund Dorst: &#8222;Er stellte<br \/>\nbei seinem R\u00fccktritt klar, dass er die Singularit\u00e4t des Holocaust nicht<br \/>\nangezweifelt hat und nicht anzweifelt.&#8220; Dennoch sei die R\u00fccktrittserkl\u00e4rung &#8222;folgerichtig&#8220;, teilte L\u00fcders mit. &#8222;Die von Christian<br \/>\nDorst gew\u00e4hlte und zunehmend st\u00e4rker besetzte Rolle als streitbarer<br \/>\npolitischer Kommentator in den sozialen Medien vertr\u00e4gt sich nicht mit<br \/>\nder Funktion eines stellvertretenden Fraktionsvorsitzenden&#8220;, sagte der Fraktionschef.\n<\/p>\n<p class=\"paragraph article__item\">Der Bauunternehmer Dorst ist seit Oktober 2024<br \/>\nMitglied des Landtags in Brandenburg. Er spielt auch eine Rolle in der<br \/>\naktuellen Krise der Fraktion. Dorst griff seinen Parteikollegen, den BSW-Finanzminister<br \/>\n Robert Crumbach an und <a href=\"https:\/\/www.zeit.de\/politik\/deutschland\/2025-11\/bsw-brandenburg-streit-christian-dorst-robert-crumbach-gxe\" class=\"\" target=\"_blank\" rel=\"noopener\">legte ihm einen Austritt aus Partei und Fraktion nahe<\/a>. Hintergrund war ein Streit um zwei im BSW umstrittene Medienstaatsvertr\u00e4ge.<\/p>\n","protected":false},"excerpt":{"rendered":"Mitten in einer schweren Krise ist der stellvertretende BSW-Fraktionschef im Brandenburger Landtag, Christian Dorst, von seinem Amt zur\u00fcckgetreten.&hellip;\n","protected":false},"author":2,"featured_media":597396,"comment_status":"","ping_status":"","sticky":false,"template":"","format":"standard","meta":{"footnotes":""},"categories":[2],"tags":[150,15780,1890,13871,142786,29,30,13,669,14,15,120614,16,142785,12,10,8,9,11,95401,1995,4397],"class_list":{"0":"post-597395","1":"post","2":"type-post","3":"status-publish","4":"format-standard","5":"has-post-thumbnail","7":"category-deutschland","8":"tag-alternative-fuer-deutschland","9":"tag-bewertung","10":"tag-brandenburg","11":"tag-buendnis-sahra-wagenknecht","12":"tag-christian-dorst","13":"tag-deutschland","14":"tag-germany","15":"tag-headlines","16":"tag-krise","17":"tag-nachrichten","18":"tag-news","19":"tag-niels-olaf-lueders","20":"tag-politik","21":"tag-reaktion-auf-afd-aussage","22":"tag-schlagzeilen","23":"tag-top-news","24":"tag-top-meldungen","25":"tag-topmeldungen","26":"tag-topnews","27":"tag-ulrich-siegmund","28":"tag-verbrechen","29":"tag-x"},"share_on_mastodon":{"url":"","error":""},"_links":{"self":[{"href":"https:\/\/www.europesays.com\/de\/wp-json\/wp\/v2\/posts\/597395","targetHints":{"allow":["GET"]}}],"collection":[{"href":"https:\/\/www.europesays.com\/de\/wp-json\/wp\/v2\/posts"}],"about":[{"href":"https:\/\/www.europesays.com\/de\/wp-json\/wp\/v2\/types\/post"}],"author":[{"embeddable":true,"href":"https:\/\/www.europesays.com\/de\/wp-json\/wp\/v2\/users\/2"}],"replies":[{"embeddable":true,"href":"https:\/\/www.europesays.com\/de\/wp-json\/wp\/v2\/comments?post=597395"}],"version-history":[{"count":0,"href":"https:\/\/www.europesays.com\/de\/wp-json\/wp\/v2\/posts\/597395\/revisions"}],"wp:featuredmedia":[{"embeddable":true,"href":"https:\/\/www.europesays.com\/de\/wp-json\/wp\/v2\/media\/597396"}],"wp:attachment":[{"href":"https:\/\/www.europesays.com\/de\/wp-json\/wp\/v2\/media?parent=597395"}],"wp:term":[{"taxonomy":"category","embeddable":true,"href":"https:\/\/www.europesays.com\/de\/wp-json\/wp\/v2\/categories?post=597395"},{"taxonomy":"post_tag","embeddable":true,"href":"https:\/\/www.europesays.com\/de\/wp-json\/wp\/v2\/tags?post=597395"}],"curies":[{"name":"wp","href":"https:\/\/api.w.org\/{rel}","templated":true}]}}