{"id":597496,"date":"2025-11-23T23:36:27","date_gmt":"2025-11-23T23:36:27","guid":{"rendered":"https:\/\/www.europesays.com\/de\/597496\/"},"modified":"2025-11-23T23:36:27","modified_gmt":"2025-11-23T23:36:27","slug":"nikolauskonzert-der-musikschule-wochenanzeiger","status":"publish","type":"post","link":"https:\/\/www.europesays.com\/de\/597496\/","title":{"rendered":"Nikolauskonzert der Musikschule | Wochenanzeiger"},"content":{"rendered":"<p class=\"article-text\">Lichterglanz, Tannenduft und leise Kl\u00e4nge in der Luft \u2013 die Musikschule Unterhaching e. V. begr\u00fc\u00dft Sie herzlich zu ihrem Nikolauskonzert am 3. Dezember um 17.00 Uhr im Unterhachinger KUBIZ Saal. Die kleinen und gro\u00dfen Musikerinnen \u00fcben schon flei\u00dfig und freuen sich dem heiligen St. Nikolaus vorzuspielen. In einer Zeit, in der es drau\u00dfen k\u00e4lter wird, wollen die Sch\u00fcler und Lehrkr\u00e4fte mit Musik und dem Nikolaus W\u00e4rme schenken \u2013 in den Herzen und in der Seele. Lassen Sie gemeinsam mit den Musikern innehalten und lauschen, was alle in dieser besonderen Jahreszeit verbindet.<br \/>Ein Konzert unter der Leitung von Monika Beck, das Kinder, Eltern, Gro\u00dfeltern und Freunde gleicherma\u00dfen begeistert, um in Weihnachtsstimmung zu kommen. Die Musikschule freut sich auf viele kleine und gro\u00dfe Zuh\u00f6rende! Der Eintritt ist frei.<\/p>\n","protected":false},"excerpt":{"rendered":"Lichterglanz, Tannenduft und leise Kl\u00e4nge in der Luft \u2013 die Musikschule Unterhaching e. V. begr\u00fc\u00dft Sie herzlich zu&hellip;\n","protected":false},"author":2,"featured_media":597497,"comment_status":"","ping_status":"","sticky":false,"template":"","format":"standard","meta":{"footnotes":""},"categories":[1827],"tags":[772,29,30,9215,1114,1268,5534],"class_list":{"0":"post-597496","1":"post","2":"type-post","3":"status-publish","4":"format-standard","5":"has-post-thumbnail","7":"category-muenchen","8":"tag-bayern","9":"tag-deutschland","10":"tag-germany","11":"tag-jugend-co","12":"tag-kinder","13":"tag-muenchen","14":"tag-unterhaching"},"share_on_mastodon":{"url":"https:\/\/pubeurope.com\/@de\/115601643056488327","error":""},"_links":{"self":[{"href":"https:\/\/www.europesays.com\/de\/wp-json\/wp\/v2\/posts\/597496","targetHints":{"allow":["GET"]}}],"collection":[{"href":"https:\/\/www.europesays.com\/de\/wp-json\/wp\/v2\/posts"}],"about":[{"href":"https:\/\/www.europesays.com\/de\/wp-json\/wp\/v2\/types\/post"}],"author":[{"embeddable":true,"href":"https:\/\/www.europesays.com\/de\/wp-json\/wp\/v2\/users\/2"}],"replies":[{"embeddable":true,"href":"https:\/\/www.europesays.com\/de\/wp-json\/wp\/v2\/comments?post=597496"}],"version-history":[{"count":0,"href":"https:\/\/www.europesays.com\/de\/wp-json\/wp\/v2\/posts\/597496\/revisions"}],"wp:featuredmedia":[{"embeddable":true,"href":"https:\/\/www.europesays.com\/de\/wp-json\/wp\/v2\/media\/597497"}],"wp:attachment":[{"href":"https:\/\/www.europesays.com\/de\/wp-json\/wp\/v2\/media?parent=597496"}],"wp:term":[{"taxonomy":"category","embeddable":true,"href":"https:\/\/www.europesays.com\/de\/wp-json\/wp\/v2\/categories?post=597496"},{"taxonomy":"post_tag","embeddable":true,"href":"https:\/\/www.europesays.com\/de\/wp-json\/wp\/v2\/tags?post=597496"}],"curies":[{"name":"wp","href":"https:\/\/api.w.org\/{rel}","templated":true}]}}