{"id":597509,"date":"2025-11-23T23:44:15","date_gmt":"2025-11-23T23:44:15","guid":{"rendered":"https:\/\/www.europesays.com\/de\/597509\/"},"modified":"2025-11-23T23:44:15","modified_gmt":"2025-11-23T23:44:15","slug":"alba-berlin-setzt-erfolgsserie-in-chemnitz-fort","status":"publish","type":"post","link":"https:\/\/www.europesays.com\/de\/597509\/","title":{"rendered":"Alba Berlin setzt Erfolgsserie in Chemnitz fort"},"content":{"rendered":"<p class=\"tspBHk1 tspBHk2\">Die Basketballer von Alba Berlin haben <a href=\"https:\/\/www.tagesspiegel.de\/sport\/krasse-umstellung-das-sind-die-grunde-fur-den-aufschwung-bei-alba-berlin-14792945.html?icid=in-text-link_14924216\" class=\"link link--internal\" data-gtm-class=\"article-text-link\" data-gtm-val=\"internal\" target=\"_blank\" rel=\"noopener\">ihre Erfolgsserie ausgebaut<\/a>. Das Team von Trainer Pedro Calles setzte sich bei den Niners Chemnitz mit 89:85 (44:48) durch und feierte damit den neunten Pflichtspielsieg nacheinander. Martin Hermannsson war mit 20 Punkten der beste Werfer bei Alba.<\/p>\n<p class=\"tspBHk1\">Die Berliner fanden jedoch nur schleppend ins Spiel und hatten gro\u00dfe M\u00fche, die Distanzw\u00fcrfe der Gastgeber zu verteidigen. Mit acht Dreiern erspielte sich Chemnitz eine 28:19-F\u00fchrung nach dem ersten Viertel. Danach stellte sich Alba auf die Spielweise der Niners ein und kam auch offensiv immer besser zurecht. Kurz vor der Pause glichen die G\u00e4ste zum 39:39 aus.\u00a0<\/p>\n<p class=\"tspBHk1\">Nach dem Wechsel behaupteten die Chemnitzer lange eine knappe F\u00fchrung, ehe Alba die Partie zu Beginn des Schlussviertels mit einem 17:0-Lauf zum 84:72 (36. Minute) drehte. Die Gastgeber k\u00e4mpften sich noch einmal auf 83:87 heran, doch Alba bewahrte die Nerven. (dpa)<\/p>\n","protected":false},"excerpt":{"rendered":"Die Basketballer von Alba Berlin haben ihre Erfolgsserie ausgebaut. Das Team von Trainer Pedro Calles setzte sich bei&hellip;\n","protected":false},"author":2,"featured_media":597510,"comment_status":"","ping_status":"","sticky":false,"template":"","format":"standard","meta":{"footnotes":""},"categories":[1825],"tags":[2471,296,29,30],"class_list":{"0":"post-597509","1":"post","2":"type-post","3":"status-publish","4":"format-standard","5":"has-post-thumbnail","7":"category-berlin","8":"tag-alba-berlin","9":"tag-berlin","10":"tag-deutschland","11":"tag-germany"},"share_on_mastodon":{"url":"https:\/\/pubeurope.com\/@de\/115601674518536165","error":""},"_links":{"self":[{"href":"https:\/\/www.europesays.com\/de\/wp-json\/wp\/v2\/posts\/597509","targetHints":{"allow":["GET"]}}],"collection":[{"href":"https:\/\/www.europesays.com\/de\/wp-json\/wp\/v2\/posts"}],"about":[{"href":"https:\/\/www.europesays.com\/de\/wp-json\/wp\/v2\/types\/post"}],"author":[{"embeddable":true,"href":"https:\/\/www.europesays.com\/de\/wp-json\/wp\/v2\/users\/2"}],"replies":[{"embeddable":true,"href":"https:\/\/www.europesays.com\/de\/wp-json\/wp\/v2\/comments?post=597509"}],"version-history":[{"count":0,"href":"https:\/\/www.europesays.com\/de\/wp-json\/wp\/v2\/posts\/597509\/revisions"}],"wp:featuredmedia":[{"embeddable":true,"href":"https:\/\/www.europesays.com\/de\/wp-json\/wp\/v2\/media\/597510"}],"wp:attachment":[{"href":"https:\/\/www.europesays.com\/de\/wp-json\/wp\/v2\/media?parent=597509"}],"wp:term":[{"taxonomy":"category","embeddable":true,"href":"https:\/\/www.europesays.com\/de\/wp-json\/wp\/v2\/categories?post=597509"},{"taxonomy":"post_tag","embeddable":true,"href":"https:\/\/www.europesays.com\/de\/wp-json\/wp\/v2\/tags?post=597509"}],"curies":[{"name":"wp","href":"https:\/\/api.w.org\/{rel}","templated":true}]}}