{"id":597711,"date":"2025-11-24T01:42:22","date_gmt":"2025-11-24T01:42:22","guid":{"rendered":"https:\/\/www.europesays.com\/de\/597711\/"},"modified":"2025-11-24T01:42:22","modified_gmt":"2025-11-24T01:42:22","slug":"glatter-sieg-gegen-bielefeld-nuernberg-weiter-im-aufwind","status":"publish","type":"post","link":"https:\/\/www.europesays.com\/de\/597711\/","title":{"rendered":"Glatter Sieg gegen Bielefeld: N\u00fcrnberg weiter im Aufwind"},"content":{"rendered":"<p>            <img loading=\"lazy\" decoding=\"async\" class=\"ts-image\" src=\"https:\/\/www.europesays.com\/de\/wp-content\/uploads\/2025\/11\/nuernberg-bielefeld-104.jpg\" alt=\"N\u00fcrnberger Jubel nach dem F\u00fchrungstor gegen Bielefeld\" title=\"N\u00fcrnberger Jubel nach dem F\u00fchrungstor gegen Bielefeld | IMAGO\/Sportfoto Zink \/ Daniel Marr\"\/><\/p>\n<p class=\"metatextline\">Stand: 24.11.2025 00:00 Uhr<\/p>\n<p class=\"textabsatz columns twelve  m-ten  m-offset-one l-eight l-offset-two\">\n        <strong>Der 1. FC N\u00fcrnberg befindet sich in der 2. Fu\u00dfball-Bundesliga weiter im Aufwind. Nach dem glatten Heimerfolg \u00fcber Arminia Bielefeld sind die Franken seit sechs Partien ungeschlagen.<\/strong>\n    <\/p>\n<p class=\"textabsatz m-ten m-offset-one l-eight l-offset-two columns twelve\">Nach einer belanglosen ersten Halbzeit machte der &#8222;Club&#8220; am Sonntag innerhalb weniger Minuten nach dem Wiederanpfiff den 2:0 (0:0)-Sieg klar und rangiert in der Tabelle nun auf dem 9. Platz, direkt oberhalb der Arminia.<\/p>\n<ul class=\"buttongroup buttongroup--copytext\">\n<li class=\"buttongroup__item\">\n<p>    <a class=\"btn btn--text btn--standard-secondary btn--fullwidth\" href=\"https:\/\/www.sportschau.de\/live-und-ergebnisse\/fussball\/deutschland-2-bundesliga\/ma11201081\/1-fc-nuernberg_arminia-bielefeld\/liveticker\" target=\"_blank\" rel=\"noopener\"><br \/>\n        Live-Ticker zum Nachlesen<br \/>\n        Pfeil rechts<\/p>\n<p>    <\/a>\n<\/li>\n<li class=\"buttongroup__item\">\n<p>    <a class=\"btn btn--text btn--standard-secondary btn--fullwidth\" href=\"https:\/\/www.sportschau.de\/live-und-ergebnisse\/fussball\/deutschland-2-bundesliga\/se94781\/2025-2026\/ro262550\/spieltag\/md13\/spiele-und-ergebnisse\" target=\"_blank\" rel=\"noopener\"><br \/>\n        13. Spieltag<br \/>\n        Pfeil rechts<\/p>\n<p>    <\/a>\n<\/li>\n<\/ul>\n<p class=\"textabsatz m-ten m-offset-one l-eight l-offset-two columns twelve\">&#8222;Ich habe schon in der L\u00e4nderspielpause gemerkt, dass eine super Gemeinschaft und Dynamik in der Mannschaft ist und, dass wir fantastisch trainiert haben. Genau so wie ich mir das auch vorstelle. Das hat man dann heute \u00fcber weite Teile im Spiel auch gesehen, wir waren sofort da, wir waren griffig gegen den Ball und das hat uns dann geholfen, das Spiel heute zu gewinnen&#8220;, analysierte der rundum zufriedene N\u00fcrnberg-Trainer Miroslav Klose im Sportschau-Interview.<\/p>\n<p>    N\u00fcrnberg und Bielefeld wieder stabilisiert<\/p>\n<p class=\"textabsatz m-ten m-offset-one l-eight l-offset-two columns twelve\">Beide Teams lagen vor der Partie im Mittelfeld, mit \u00e4hnlichen Vorzeichen. Die N\u00fcrnberger fingen sich nach einem grottigen Saisonstart, hatten seit f\u00fcnf Partien nicht mehr verloren und schielen langsam wieder in h\u00f6here Regionen. Aufsteiger Bielefeld konnte sich nach einem Zwischentief mit j\u00fcngst drei ungeschlagenen Spielen wieder stabilisieren und hofft zumindest auf eine sorgenfreie Saison im Mittelfeld.<\/p>\n<p class=\"textabsatz m-ten m-offset-one l-eight l-offset-two columns twelve\">Der Aufsteiger setzte auch den ersten Akzent im Max-Morlock-Stadion: Eine gef\u00e4hrliche Hereingabe von Joel Grodowski an den F\u00fcnfer konnte FCN-Schlussmann Jan Reichert rechtzeitig abfangen (4. Minute). Grunds\u00e4tzlich aber agierten die G\u00e4ste defensiv, in die eigene H\u00e4lfte zur\u00fcckgezogen und stellten die N\u00fcrnberger damit zun\u00e4chst vor eine gr\u00f6\u00dfere Herausforderung. Nur Berkay Yilmaz sorgte mit einem Distanzschuss f\u00fcr gr\u00f6\u00dfere Gefahr, der Schuss aufs Bielefelder Tor zischte aber einen halben Meter am Kreuzeck vorbei (18.). In der Folge belagerten die N\u00fcrnberger phasenweise den Bielefelder Strafraum, kamen aber kaum in abschlussreife Positionen.<\/p>\n<p>    Wenig Spannendes auf dem N\u00fcrnberger Rasen<\/p>\n<p class=\"textabsatz m-ten m-offset-one l-eight l-offset-two columns twelve\">Alleine die Fans sorgten auf den R\u00e4ngen f\u00fcr m\u00e4chtig Stimmung, vielleicht aber auch nur, um sich im eiskalten N\u00fcrnberger Stadion aufzuw\u00e4rmen. Auf dem Rasen jedenfalls tat sich wenig bis nichts. Erst in der Nachspielzeit der ersten H\u00e4lfte hatte N\u00fcrnbergs Rafael Lubach die bis dato beste Chance der Partie, scheiterte mit seinem Schuss aus 14 Metern aber am schnell reagierenden Jonas Kersken im Bielefelder Tor (45.+1), der den Ball um den Pfosten lenkte.<\/p>\n<p>    N\u00fcrnberger Doppelschlag nach der Pause<\/p>\n<p class=\"textabsatz m-ten m-offset-one l-eight l-offset-two columns twelve\">Daf\u00fcr startete die zweite H\u00e4lfte mit einem Paukenschlag. Bielefelds Kapit\u00e4n Ma\u00ebl Corboz traf Finn Becker abseits des Geschehens im Strafraum am Kn\u00f6chel und Schiedsrichter Robert Schr\u00f6der zeigte wenig sp\u00e4ter auf den Punkt. Lubach verwandelte den Strafsto\u00df der Witterung entsprechend eiskalt und halbhoch ins linke Eck (49.). Der Startschuss f\u00fcr N\u00fcrnberger Festminuten: Der &#8222;Club&#8220; schn\u00fcrte die Arminia jetzt f\u00f6rmlich ein und Becker brachte den Ball von der rechten Seite aus zw\u00f6lf Metern zum 2:0 in der kurzen Ecke unter (56.).<\/p>\n<p>    &#8222;Club&#8220; verwaltet Vorsprung gegen Arminia<\/p>\n<p class=\"textabsatz m-ten m-offset-one l-eight l-offset-two columns twelve\">In der Folge verwalteten die Gastgeber den Vorsprung, verschanzten sich am eigenen Sechzehner. Bielefeld erh\u00f6hte den Druck, kam aber angesichts der N\u00fcrnberger Defensiv-Pr\u00e4senz kaum dazu, Torchancen zu kreieren. Trotz fast pausenlosen Anrennens gelang den G\u00e4sten kein Tor mehr. Die gr\u00f6\u00dfte Gelegenheit, das Blatt noch zu wenden, vergab Leon Schneider, dessen Schuss aus 12 Metern an die Latte krachte (89.).<\/p>\n<p class=\"textabsatz m-ten m-offset-one l-eight l-offset-two columns twelve\">&#8222;Wir sind eigentlich erst nach dem 2:0 wach geworden&#8220;, meinte Bielefelds Trainer Mitch Kniat nach der Partie gegen\u00fcber der Sportschau und vermutete, dass &#8222;am Ende die \u00dcberzeugung gefehlt&#8220; habe, um die Partie bei zwei Toren R\u00fcckstand noch zu drehen.<\/p>\n<p>    N\u00fcrnberg in Magdeburg, Bielefeld gegen M\u00fcnster<\/p>\n<p class=\"textabsatz m-ten m-offset-one l-eight l-offset-two columns twelve\">N\u00fcrnberg ist am Samstagabend beim 1. FC Magdeburg zu Gast (20.30 Uhr). Bielefeld empf\u00e4ngt am Sonntagmittag Preu\u00dfen M\u00fcnster (13.30 Uhr).<\/p>\n<ul class=\"buttongroup buttongroup--copytext\">\n<li class=\"buttongroup__item\">\n<p>    <a class=\"btn btn--text btn--standard-secondary btn--fullwidth\" href=\"https:\/\/calovo.de\/f\/sportschau\/1-fc-nuernberg\" target=\"_blank\" rel=\"noopener\"><br \/>\n        1. FC N\u00fcrnberg f\u00fcr Ihren Kalender<br \/>\n        Pfeil rechts<\/p>\n<p>    <\/a>\n<\/li>\n<li class=\"buttongroup__item\">\n<p>    <a class=\"btn btn--text btn--standard-secondary btn--fullwidth\" href=\"https:\/\/calovo.de\/f\/sportschau\/arminia-bielefeld\" target=\"_blank\" rel=\"noopener\"><br \/>\n        Arminia Bielefeld f\u00fcr Ihren Kalender<br \/>\n        Pfeil rechts<\/p>\n<p>    <\/a>\n<\/li>\n<\/ul>\n","protected":false},"excerpt":{"rendered":"Stand: 24.11.2025 00:00 Uhr Der 1. FC N\u00fcrnberg befindet sich in der 2. Fu\u00dfball-Bundesliga weiter im Aufwind. Nach&hellip;\n","protected":false},"author":2,"featured_media":597712,"comment_status":"","ping_status":"","sticky":false,"template":"","format":"standard","meta":{"footnotes":""},"categories":[1841],"tags":[783,621,2368,1605,3364,29,347,30,1209],"class_list":{"0":"post-597711","1":"post","2":"type-post","3":"status-publish","4":"format-standard","5":"has-post-thumbnail","7":"category-bielefeld","8":"tag-1-fc-nuernberg","9":"tag-2-bundesliga","10":"tag-arminia-bielefeld","11":"tag-bielefeld","12":"tag-de","13":"tag-deutschland","14":"tag-fussball","15":"tag-germany","16":"tag-nordrhein-westfalen"},"share_on_mastodon":{"url":"https:\/\/pubeurope.com\/@de\/115602139620170730","error":""},"_links":{"self":[{"href":"https:\/\/www.europesays.com\/de\/wp-json\/wp\/v2\/posts\/597711","targetHints":{"allow":["GET"]}}],"collection":[{"href":"https:\/\/www.europesays.com\/de\/wp-json\/wp\/v2\/posts"}],"about":[{"href":"https:\/\/www.europesays.com\/de\/wp-json\/wp\/v2\/types\/post"}],"author":[{"embeddable":true,"href":"https:\/\/www.europesays.com\/de\/wp-json\/wp\/v2\/users\/2"}],"replies":[{"embeddable":true,"href":"https:\/\/www.europesays.com\/de\/wp-json\/wp\/v2\/comments?post=597711"}],"version-history":[{"count":0,"href":"https:\/\/www.europesays.com\/de\/wp-json\/wp\/v2\/posts\/597711\/revisions"}],"wp:featuredmedia":[{"embeddable":true,"href":"https:\/\/www.europesays.com\/de\/wp-json\/wp\/v2\/media\/597712"}],"wp:attachment":[{"href":"https:\/\/www.europesays.com\/de\/wp-json\/wp\/v2\/media?parent=597711"}],"wp:term":[{"taxonomy":"category","embeddable":true,"href":"https:\/\/www.europesays.com\/de\/wp-json\/wp\/v2\/categories?post=597711"},{"taxonomy":"post_tag","embeddable":true,"href":"https:\/\/www.europesays.com\/de\/wp-json\/wp\/v2\/tags?post=597711"}],"curies":[{"name":"wp","href":"https:\/\/api.w.org\/{rel}","templated":true}]}}