{"id":597804,"date":"2025-11-24T02:37:15","date_gmt":"2025-11-24T02:37:15","guid":{"rendered":"https:\/\/www.europesays.com\/de\/597804\/"},"modified":"2025-11-24T02:37:15","modified_gmt":"2025-11-24T02:37:15","slug":"schluss-mit-norm-wahnsinn-neuer-bau-typ-soll-deutschlands-wohnungsnot-stoppen-politik","status":"publish","type":"post","link":"https:\/\/www.europesays.com\/de\/597804\/","title":{"rendered":"Schluss mit Norm-Wahnsinn: Neuer Bau-Typ soll Deutschlands Wohnungsnot stoppen | Politik"},"content":{"rendered":"<p>Berlin \u2013 <b>Am Donnerstag stellten Justizministerin Stefanie Hubig (56, SPD) und Bauministerin Verena Hubertz (37, SPD) ihr Konzept vor, das Deutschlands Baukrise l\u00f6sen soll. Ihr Plan: Weniger Vorschriften, weniger \u201eGoldstandard\u201c \u2013 und damit endlich wieder bezahlbares Bauen. Das Zauberwort hei\u00dft: \u201eGeb\u00e4udetyp E\u201c.<\/b><\/p>\n<p>Das \u201eE\u201c steht f\u00fcr einfach. K\u00fcnftig sollen Bauherren einfacher und g\u00fcnstiger bauen k\u00f6nnen \u2013 indem bewusst auf Standards verzichtet wird, die teuer, aber nicht l\u00e4nger vorgeschrieben sind.<\/p>\n<p>Weniger ist mehr<\/p>\n<p><b>Heute gilt: Wer ein Haus baut, muss sich an die \u201eanerkannten Regeln der Technik\u201c halten \u2013 dazu z\u00e4hlen auch viele DIN-Normen. Von diesen Regeln abzuweichen ist zwar m\u00f6glich, beinhaltet aber das Risiko, verklagt zu werden \u2013 deshalb bauen die meisten lieber nach allen Normen, auch wenn sie gar nicht n\u00f6tig w\u00e4ren. <\/b><\/p>\n<p>Ein neuer \u201eGeb\u00e4udetyp-E-Vertrag\u201c soll im Gesetz verankert werden. Damit kann rechtssicher einfacher gebaut werden \u2013 ohne dass Abweichungen von DIN-Normen gleich als Mangel gelten. <\/p>\n<p><b>Justizministerin Hubig dazu: \u201eNicht jeder braucht die f\u00fcnfte Steckdose im Wohnzimmer. Auch auf den Handtuchheizk\u00f6rper im Bad legt nicht jeder Wert, wenn es ohnehin eine Fu\u00dfbodenheizung gibt\u201c, erkl\u00e4rte Justizministerin Hubig. <\/b><\/p>\n<p>Bauministerin Hubertz erg\u00e4nzte: \u201eFensterl\u00fcftung statt komplizierter Anlagen, weniger massive W\u00e4nde, serielle Bauweise mit schlanken Konstruktionen. Auf Standards, die nicht unbedingt notwendig sind, kann verzichtet werden, um allen Beteiligten das Planen und Bauen zu erleichtern. Das gibt mehr Freiheit und sinkende Kosten f\u00fcr alle.\u201c<\/p>\n<p>Mehr zum Thema<\/p>\n<p><b>Im Papier, das Hubig und Hubertz vorgestellt haben, stehen weitere Beispiele aus den L\u00e4ndern, die heute schon einfacher bauen: In Bayern d\u00fcrfen W\u00e4nde d\u00fcnner sein, der Schallschutz zum Dachboden schw\u00e4cher, es wird einfach durchs Fenster gel\u00fcftet statt mit L\u00fcftungsanlage. In Hamburg braucht es keine D\u00e4mmung der Kellerr\u00e4ume. In Schleswig-Holstein darf der Balkon als Stahlrahmen vorm Haus h\u00e4ngen. <\/b><\/p>\n<p>Die Ministerinnen betonten: In den n\u00e4chsten Monaten soll mit Baupraxis, Wirtschaft und L\u00e4ndern weiter beraten werden. Bis Ende 2026 soll der Gesetzentwurf stehen. <\/p>\n<p>Bauindustrie: \u201eDie Weichen sind richtiggestellt\u201c<\/p>\n<p><b>Aus der Bauwirtschaft kommt Lob. Mit den Eckpunkten h\u00e4tten Hubertz und Hubig \u201eden Grundstein daf\u00fcr gelegt\u201c, dass <\/b><a href=\"https:\/\/www.bild.de\/themen\/specials\/hausbau\/geld-immobilien-news-fotos-videos-17041216.bild.html\" class=\"text-link\" target=\"_blank\" rel=\"noopener\"><b>Bauen<\/b><\/a><b> wieder bezahlbar und einfacher wird, sagt Tim-Oliver M\u00fcller, Hauptgesch\u00e4ftsf\u00fchrer des Hauptverbands der Deutschen Bauindustrie. Gut sei, dass die Ministerinnen \u201eden Kern des Problems erfassen\u201c und ein System schaffen wollen, bei dem das gesetzlich geforderte Schutzniveau reicht. <\/b><\/p>\n<p>Einen Wermutstropfen sieht M\u00fcller darin, \u201edass diese wichtige \u00c4nderung nur im Rahmen eines bestimmten Vertragsmodells m\u00f6glich sein soll\u201c. Trotzdem: \u201eDie Weichen sind richtiggestellt. Das Fine-Tuning wird folgen.\u201c<\/p>\n","protected":false},"excerpt":{"rendered":"Berlin \u2013 Am Donnerstag stellten Justizministerin Stefanie Hubig (56, SPD) und Bauministerin Verena Hubertz (37, SPD) ihr Konzept&hellip;\n","protected":false},"author":2,"featured_media":597805,"comment_status":"","ping_status":"","sticky":false,"template":"","format":"standard","meta":{"footnotes":""},"categories":[1775],"tags":[1793,29,214,30,24990,47272,5331,1794,3317,142889,45,215,626,11030],"class_list":{"0":"post-597804","1":"post","2":"type-post","3":"status-publish","4":"format-standard","5":"has-post-thumbnail","7":"category-kunst-und-design","8":"tag-art-and-design","9":"tag-deutschland","10":"tag-entertainment","11":"tag-germany","12":"tag-guenstig","13":"tag-hausbau","14":"tag-immobilien","15":"tag-kunst-und-design","16":"tag-miete","17":"tag-renovieren-und-hausbau","18":"tag-texttospeech","19":"tag-unterhaltung","20":"tag-wohnung","21":"tag-wohnungsnot"},"share_on_mastodon":{"url":"https:\/\/pubeurope.com\/@de\/115602354545255343","error":""},"_links":{"self":[{"href":"https:\/\/www.europesays.com\/de\/wp-json\/wp\/v2\/posts\/597804","targetHints":{"allow":["GET"]}}],"collection":[{"href":"https:\/\/www.europesays.com\/de\/wp-json\/wp\/v2\/posts"}],"about":[{"href":"https:\/\/www.europesays.com\/de\/wp-json\/wp\/v2\/types\/post"}],"author":[{"embeddable":true,"href":"https:\/\/www.europesays.com\/de\/wp-json\/wp\/v2\/users\/2"}],"replies":[{"embeddable":true,"href":"https:\/\/www.europesays.com\/de\/wp-json\/wp\/v2\/comments?post=597804"}],"version-history":[{"count":0,"href":"https:\/\/www.europesays.com\/de\/wp-json\/wp\/v2\/posts\/597804\/revisions"}],"wp:featuredmedia":[{"embeddable":true,"href":"https:\/\/www.europesays.com\/de\/wp-json\/wp\/v2\/media\/597805"}],"wp:attachment":[{"href":"https:\/\/www.europesays.com\/de\/wp-json\/wp\/v2\/media?parent=597804"}],"wp:term":[{"taxonomy":"category","embeddable":true,"href":"https:\/\/www.europesays.com\/de\/wp-json\/wp\/v2\/categories?post=597804"},{"taxonomy":"post_tag","embeddable":true,"href":"https:\/\/www.europesays.com\/de\/wp-json\/wp\/v2\/tags?post=597804"}],"curies":[{"name":"wp","href":"https:\/\/api.w.org\/{rel}","templated":true}]}}