{"id":597821,"date":"2025-11-24T02:47:23","date_gmt":"2025-11-24T02:47:23","guid":{"rendered":"https:\/\/www.europesays.com\/de\/597821\/"},"modified":"2025-11-24T02:47:23","modified_gmt":"2025-11-24T02:47:23","slug":"usa-wollen-offenbar-direkten-draht-nach-groenland","status":"publish","type":"post","link":"https:\/\/www.europesays.com\/de\/597821\/","title":{"rendered":"USA wollen offenbar direkten Draht nach Gr\u00f6nland"},"content":{"rendered":"<p class=\"tspBHk1 tspBHk2\">Die USA wollen einem Bericht zufolge die d\u00e4nische Regierung umgehen, um direkte Kontakte zur Regierung Gr\u00f6nlands aufzubauen. Wie die Zeitung \u201ePolitiken\u201c berichtet,<strong> h\u00e4tten die USA seit April wiederholt versucht, ein Treffen mit dem gr\u00f6nl\u00e4ndischen Regierungschef Jens-Frederik Nielsen zu organisieren \u2013 <\/strong>unter Ausschluss d\u00e4nischen Regierungspersonals. Nielsen war im April dieses Jahres gew\u00e4hlt worden.<\/p>\n<p class=\"tspBHk1\">Politische Praxis im K\u00f6nigreich D\u00e4nemark ist, <strong>dass sowohl d\u00e4nische als auch gr\u00f6nl\u00e4ndische Vertreter bei Gespr\u00e4chen pr\u00e4sent sein m\u00fcssen<\/strong>, wenn es um Au\u00dfen-, Sicherheits- oder Verteidigungsfragen geht, die Gr\u00f6nland betreffen.<\/p>\n<p class=\"tspBHk1\"><strong>Die gr\u00f6nl\u00e4ndische Regierung h\u00e4tte den amerikanischen Wunsch nach einem bilateralen Treffen abgelehnt<\/strong>, so \u201ePolitiken\u201c weiter. Die Zeitung beruft sich dabei auf Quellen aus den USA, Gr\u00f6nland und D\u00e4nemark. Das Wei\u00dfe Haus \u00e4u\u00dferte sich auf eine schriftliche Anfrage der Zeitung bez\u00fcglich m\u00f6glicher Treffen zwischen amerikanischen und gr\u00f6nl\u00e4ndischen Vertretern nicht konkret, <a href=\"https:\/\/www.tagesspiegel.de\/internationales\/trumps-kampf-um-gronland-im-prinzip-konnte-es-aus-putins-drehbuch-stammen-14241410.html?icid=in-text-link_14922803\" class=\"link link--internal\" data-gtm-class=\"article-text-link\" data-gtm-val=\"internal\" target=\"_blank\" rel=\"noopener\">wiederholte jedoch die strategische Bedeutsamkeit Gr\u00f6nlands f\u00fcr die USA<\/a>.<\/p>\n<p>Washington Weekly Newsletter<\/p>\n<p><img decoding=\"async\" src=\"https:\/\/www.europesays.com\/de\/wp-content\/uploads\/2025\/04\/ww-icon.png\" alt=\"\" class=\"tspBOg0\"\/><\/p>\n<p class=\"tspBOlx\"> Donald Trump will die USA umkrempeln. Verpassen Sie keine Neuigkeit mehr. Kostenlos jeden Donnerstag per E-Mail \u2013 vom US-Team der Tagesspiegel-Redaktion. <\/p>\n<p> Kooperation mit den USA nicht ausgeschlossen <\/p>\n<p class=\"tspBHk1\">US-Pr\u00e4sident Donald Trump hatte Anfang des Jahres <strong>\u00fcber Monate hinweg immer wieder Besitzanspr\u00fcche auf die gr\u00f6\u00dfte Insel der Erde angemeldet. <\/strong>Die Debatte dar\u00fcber ist zwar aktuell etwas abgeklungen, doch an Trumps Position hat sich seitdem nichts ge\u00e4ndert. Die Eisinsel mit ihren knapp 56.000 Einwohnern ist weitgehend autonom, geh\u00f6rt aber offiziell zum K\u00f6nigreich D\u00e4nemark.<\/p>\n<p> Mehr auf Tagesspiegel.de <a href=\"https:\/\/www.tagesspiegel.de\/internationales\/trumps-kampf-um-gronland-im-prinzip-konnte-es-aus-putins-drehbuch-stammen-14241410.html?icid=topic-list_14922803___\" data-gtm-class=\"article-mzt-link\" class=\"tspB5ni\" target=\"_blank\" rel=\"noopener\">Trumps Kampf um Gr\u00f6nland \u201eIm Prinzip k\u00f6nnte es aus Putins Drehbuch stammen\u201c\u00a0 <\/a><a href=\"https:\/\/www.tagesspiegel.de\/internationales\/danemark-bestellt-us-diplomaten-ein-trump-mitarbeiter-sollen-plane-fur-ubernahme-von-gronland-vorangetrieben-haben-14233271.html?icid=topic-list_14922803___\" data-gtm-class=\"article-mzt-link\" class=\"tspB5ni\" target=\"_blank\" rel=\"noopener\">D\u00e4nemark bestellt US-Diplomaten ein Trump-Mitarbeiter sollen Pl\u00e4ne f\u00fcr \u00dcbernahme von Gr\u00f6nland vorangetrieben haben <\/a><a href=\"https:\/\/www.tagesspiegel.de\/internationales\/frankreichs-prasident-macron-bei-seinem-besuch-gronland-darf-nicht-erkauft-oder-einfach-genommen-werden-13859347.html?icid=topic-list_14922803___\" data-gtm-class=\"article-mzt-link\" class=\"tspB5ni\" target=\"_blank\" rel=\"noopener\">Frankreichs Pr\u00e4sident Macron bei seinem Besuch \u201eGr\u00f6nland darf nicht erkauft oder einfach genommen werden\u201c <\/a><\/p>\n<p class=\"tspBHk1\">Nielsen schloss in der Vergangenheit auch nicht aus, dass man unter bestimmten Bedingungen f\u00fcr eine respektvolle Zusammenarbeit mit den USA offen sei. <strong>Eine Kooperation mit den USA schlie\u00dfe ein engeres Heranr\u00fccken an die Europ\u00e4er nicht aus. <\/strong>Das Wichtigste sei, dass sie der gr\u00f6nl\u00e4ndischen Bev\u00f6lkerung gr\u00f6\u00dftm\u00f6glich n\u00fctzte, so Nielsen. (dpa)<\/p>\n","protected":false},"excerpt":{"rendered":"Die USA wollen einem Bericht zufolge die d\u00e4nische Regierung umgehen, um direkte Kontakte zur Regierung Gr\u00f6nlands aufzubauen. Wie&hellip;\n","protected":false},"author":2,"featured_media":597822,"comment_status":"","ping_status":"","sticky":false,"template":"","format":"standard","meta":{"footnotes":""},"categories":[3],"tags":[1160,106,452,13,14,15,12,10,8,9,11,64,103,104],"class_list":{"0":"post-597821","1":"post","2":"type-post","3":"status-publish","4":"format-standard","5":"has-post-thumbnail","7":"category-welt","8":"tag-daenemark","9":"tag-donald-trump","10":"tag-groenland","11":"tag-headlines","12":"tag-nachrichten","13":"tag-news","14":"tag-schlagzeilen","15":"tag-top-news","16":"tag-top-meldungen","17":"tag-topmeldungen","18":"tag-topnews","19":"tag-usa","20":"tag-welt","21":"tag-world"},"share_on_mastodon":{"url":"https:\/\/pubeurope.com\/@de\/115602394147742271","error":""},"_links":{"self":[{"href":"https:\/\/www.europesays.com\/de\/wp-json\/wp\/v2\/posts\/597821","targetHints":{"allow":["GET"]}}],"collection":[{"href":"https:\/\/www.europesays.com\/de\/wp-json\/wp\/v2\/posts"}],"about":[{"href":"https:\/\/www.europesays.com\/de\/wp-json\/wp\/v2\/types\/post"}],"author":[{"embeddable":true,"href":"https:\/\/www.europesays.com\/de\/wp-json\/wp\/v2\/users\/2"}],"replies":[{"embeddable":true,"href":"https:\/\/www.europesays.com\/de\/wp-json\/wp\/v2\/comments?post=597821"}],"version-history":[{"count":0,"href":"https:\/\/www.europesays.com\/de\/wp-json\/wp\/v2\/posts\/597821\/revisions"}],"wp:featuredmedia":[{"embeddable":true,"href":"https:\/\/www.europesays.com\/de\/wp-json\/wp\/v2\/media\/597822"}],"wp:attachment":[{"href":"https:\/\/www.europesays.com\/de\/wp-json\/wp\/v2\/media?parent=597821"}],"wp:term":[{"taxonomy":"category","embeddable":true,"href":"https:\/\/www.europesays.com\/de\/wp-json\/wp\/v2\/categories?post=597821"},{"taxonomy":"post_tag","embeddable":true,"href":"https:\/\/www.europesays.com\/de\/wp-json\/wp\/v2\/tags?post=597821"}],"curies":[{"name":"wp","href":"https:\/\/api.w.org\/{rel}","templated":true}]}}