{"id":597996,"date":"2025-11-24T04:48:42","date_gmt":"2025-11-24T04:48:42","guid":{"rendered":"https:\/\/www.europesays.com\/de\/597996\/"},"modified":"2025-11-24T04:48:42","modified_gmt":"2025-11-24T04:48:42","slug":"1-fc-nuernberg-arminia-bielefeld-nuernberg-ueberholt-bielefeld-in-der-tabelle-2-bundesliga","status":"publish","type":"post","link":"https:\/\/www.europesays.com\/de\/597996\/","title":{"rendered":"1. FC N\u00fcrnberg &#8211; Arminia Bielefeld: N\u00fcrnberg \u00fcberholt Bielefeld in der Tabelle &#8211; 2. Bundesliga"},"content":{"rendered":"<p>Beim 1. FC N\u00fcrnberg holte sich Arminia Bielefeld eine 0:2-Schlappe ab. Vor dem Match war man von einer Begegnung zweier ebenb\u00fcrtiger Mannschaften ausgegangen.<\/p>\n<p class=\"is-first-paragraph\" data-external=\"Article.FirstParagraph\">Nach 90 Minuten hatte schlie\u00dflich N\u00fcrnberg die Nase vorn.<\/p>\n<p>Nach den ersten 45 Minuten ging es f\u00fcr das Team aus Franken und Bielefeld ohne Torerfolg in die Kabinen. Mit einem Wechsel \u2013 Pape Demba Diop kam f\u00fcr Mohamed Al\u00ec Zoma \u2013 startete der FCN in Durchgang zwei. Rafael Lubach verwandelte vor 33.940 Zuschauern einen Elfmeter nach 49 Minuten eiskalt zur 1:0-F\u00fchrung f\u00fcr das Heimteam. Mit dem linken Fu\u00df baute Finn Becker den Vorsprung des 1. FC N\u00fcrnberg in der 56. Minute aus. Gleich drei Wechsel nahm die Arminia in der 61. Minute vor. Tim Handwerker, Noah Sarenren Bazee und Benjamin Boakye verlie\u00dfen das Feld f\u00fcr Arne Sicker, Isaiah Young und Christopher Lannert. In der 79. Minute stellte N\u00fcrnberg personell um: Per Doppelwechsel kamen Robin Knoche und Tim Drexler auf den Platz und ersetzten Artem Stepanov und Tim Janisch. Nach Beendigung der zweiten Halbzeit hie\u00df das Ergebnis 2:0 zugunsten des FCN.<\/p>\n<p>Sechs Spiele w\u00e4hrt bereits die Serie, in der der 1. FC N\u00fcrnberg ungeschlagen ist.<\/p>\n<p>Mit diesem Sieg zog N\u00fcrnberg an Arminia Bielefeld vorbei auf Platz neun. Der Gast fiel auf die zehnte Tabellenposition. Beide Teams fuhren in dieser Saison bisher f\u00fcnf Siege ein.<\/p>\n<p>Der FCN tritt am Samstag, den 29.11.2025, um 20:30 Uhr, beim 1. FC Magdeburg an. Einen Tag sp\u00e4ter (13:30 Uhr) empf\u00e4ngt Bielefeld den SC Preu\u00dfen M\u00fcnster.<\/p>\n<p><b>Dieser Artikel wurde automatisch von unserem Partner Retresco anhand von Spieldaten erstellt.<\/b><\/p>\n<p>SPM<\/p>\n","protected":false},"excerpt":{"rendered":"Beim 1. FC N\u00fcrnberg holte sich Arminia Bielefeld eine 0:2-Schlappe ab. Vor dem Match war man von einer&hellip;\n","protected":false},"author":2,"featured_media":589444,"comment_status":"","ping_status":"","sticky":false,"template":"","format":"standard","meta":{"footnotes":""},"categories":[1841],"tags":[1605,3364,29,30,1209,3694],"class_list":{"0":"post-597996","1":"post","2":"type-post","3":"status-publish","4":"format-standard","5":"has-post-thumbnail","7":"category-bielefeld","8":"tag-bielefeld","9":"tag-de","10":"tag-deutschland","11":"tag-germany","12":"tag-nordrhein-westfalen","13":"tag-textengine"},"share_on_mastodon":{"url":"https:\/\/pubeurope.com\/@de\/115602869634606389","error":""},"_links":{"self":[{"href":"https:\/\/www.europesays.com\/de\/wp-json\/wp\/v2\/posts\/597996","targetHints":{"allow":["GET"]}}],"collection":[{"href":"https:\/\/www.europesays.com\/de\/wp-json\/wp\/v2\/posts"}],"about":[{"href":"https:\/\/www.europesays.com\/de\/wp-json\/wp\/v2\/types\/post"}],"author":[{"embeddable":true,"href":"https:\/\/www.europesays.com\/de\/wp-json\/wp\/v2\/users\/2"}],"replies":[{"embeddable":true,"href":"https:\/\/www.europesays.com\/de\/wp-json\/wp\/v2\/comments?post=597996"}],"version-history":[{"count":0,"href":"https:\/\/www.europesays.com\/de\/wp-json\/wp\/v2\/posts\/597996\/revisions"}],"wp:featuredmedia":[{"embeddable":true,"href":"https:\/\/www.europesays.com\/de\/wp-json\/wp\/v2\/media\/589444"}],"wp:attachment":[{"href":"https:\/\/www.europesays.com\/de\/wp-json\/wp\/v2\/media?parent=597996"}],"wp:term":[{"taxonomy":"category","embeddable":true,"href":"https:\/\/www.europesays.com\/de\/wp-json\/wp\/v2\/categories?post=597996"},{"taxonomy":"post_tag","embeddable":true,"href":"https:\/\/www.europesays.com\/de\/wp-json\/wp\/v2\/tags?post=597996"}],"curies":[{"name":"wp","href":"https:\/\/api.w.org\/{rel}","templated":true}]}}