{"id":597999,"date":"2025-11-24T04:51:25","date_gmt":"2025-11-24T04:51:25","guid":{"rendered":"https:\/\/www.europesays.com\/de\/597999\/"},"modified":"2025-11-24T04:51:25","modified_gmt":"2025-11-24T04:51:25","slug":"die-goldenen-jahre-meet-the-pros-laedt-ein-zum-filmabend-gespraech-mit-regisseurin-barbara-kulcsar-blickfeld","status":"publish","type":"post","link":"https:\/\/www.europesays.com\/de\/597999\/","title":{"rendered":"\u201eDie goldenen Jahre\u201c: MEET THE PROS l\u00e4dt ein zum Filmabend &#038; Gespr\u00e4ch mit Regisseurin Barbara Kulcsar &#8211; blickfeld"},"content":{"rendered":"<p>Inspiriert von den pers\u00f6nlichen Erfahrungen der <strong>Drehbuchautorin Petra Volpe<\/strong> und unter der <strong>Regie von Barbara Kulcsar<\/strong> widmet sich <strong>\u201eDie goldenen Jahre\u201c<\/strong> den Herausforderungen und Chancen des Lebens nach dem <strong>Berufsausstieg<\/strong>.<\/p>\n<p>Wie kann Liebe nach vielen Jahren Ehe immer noch funktionieren?<\/p>\n<p>Regisseurin Barbara Kulcsar beschreibt ihren Film folgenderma\u00dfen: \u201eDIE GOLDENEN JAHRE erz\u00e4hlt im Kern eine <strong>universelle Liebesgeschichte<\/strong>. Die Fragen nach den <strong>gemeinsamen Lebensentw\u00fcrfen und Vorstellungen<\/strong> gipfeln letztendlich in der Frage, wie die Liebe nach vielen Jahren Ehe immer noch funktionieren kann. Mit ihrer Pensionierung erkennen unsere Protagonisten Alice und Peter, dass die g\u00e4ngigen Muster nicht mehr greifen. Alice ist \u00fcberzeugt davon, dass wie sie sich diesen neuen Lebensabschnitt vorstellt auch auf Peter zutrifft. Aber Peter macht pl\u00f6tzlich nicht mehr so mit wie bisher. Beide m\u00fcssen der Welt mit einer neuen Offenheit begegnen, um herauszufinden, wie sie ihre <strong>goldenen Jahre<\/strong> leben m\u00f6chten. Sie erkennen, dass es nie zu sp\u00e4t ist, sein Leben in die Hand zu nehmen. Und sie schaffen es, einander loszulassen, ohne ihre Liebe f\u00fcreinander zu verlieren.\u201c \u00bb<a href=\"https:\/\/www.blickfeld-wuppertal.de\/ueber-uns\/blickfeld-redaktion\" target=\"_blank\" rel=\"noopener\">red<\/a>\u00ab<\/p>\n<p>\u00dcberblick der Veranstaltung<\/p>\n<p>Die Veranstaltung beginnt am <strong>Donnerstag, 4. Dezember um 17 Uhr<\/strong> im <strong>REX Filmtheater Wuppertal<\/strong>:<\/p>\n<ul class=\"wp-block-list\">\n<li><strong>Tickets (Normal):<\/strong> 12 Euro<\/li>\n<li><strong>Erm\u00e4\u00dfigter Eintritt:<\/strong> 6 Euro<br \/>(f\u00fcr Studierende der BUW an der Abendkasse)<\/li>\n<\/ul>\n<p>MEET THE PROS<\/p>\n<p>Der <strong>Studiengang Design Audiovisueller Medien<\/strong> pr\u00e4sentiert regelm\u00e4\u00dfig verschiedene Events und Veranstaltungsreihen. <strong>MEET THE PROS<\/strong> l\u00e4dt <strong>G\u00e4ste aus der Film- und Kreativbranche<\/strong> nach Wuppertal ein, die <strong>Erfahrungen<\/strong> aus ihrem <strong>Werdegang<\/strong> und dem <strong>Berufsalltag <\/strong>teilen und sich mit den Teilnehmenden \u00fcber aktuelle <strong>Entwicklungen ihrer Branche <\/strong>austauschen.<\/p>\n","protected":false},"excerpt":{"rendered":"Inspiriert von den pers\u00f6nlichen Erfahrungen der Drehbuchautorin Petra Volpe und unter der Regie von Barbara Kulcsar widmet sich&hellip;\n","protected":false},"author":2,"featured_media":598000,"comment_status":"","ping_status":"","sticky":false,"template":"","format":"standard","meta":{"footnotes":""},"categories":[1840],"tags":[3364,17587,29,30,80,1209,16375,33952,4418],"class_list":{"0":"post-597999","1":"post","2":"type-post","3":"status-publish","4":"format-standard","5":"has-post-thumbnail","7":"category-wuppertal","8":"tag-de","9":"tag-design","10":"tag-deutschland","11":"tag-germany","12":"tag-kultur","13":"tag-nordrhein-westfalen","14":"tag-red","15":"tag-rex-filmtheater","16":"tag-wuppertal"},"share_on_mastodon":{"url":"https:\/\/pubeurope.com\/@de\/115602881581948370","error":""},"_links":{"self":[{"href":"https:\/\/www.europesays.com\/de\/wp-json\/wp\/v2\/posts\/597999","targetHints":{"allow":["GET"]}}],"collection":[{"href":"https:\/\/www.europesays.com\/de\/wp-json\/wp\/v2\/posts"}],"about":[{"href":"https:\/\/www.europesays.com\/de\/wp-json\/wp\/v2\/types\/post"}],"author":[{"embeddable":true,"href":"https:\/\/www.europesays.com\/de\/wp-json\/wp\/v2\/users\/2"}],"replies":[{"embeddable":true,"href":"https:\/\/www.europesays.com\/de\/wp-json\/wp\/v2\/comments?post=597999"}],"version-history":[{"count":0,"href":"https:\/\/www.europesays.com\/de\/wp-json\/wp\/v2\/posts\/597999\/revisions"}],"wp:featuredmedia":[{"embeddable":true,"href":"https:\/\/www.europesays.com\/de\/wp-json\/wp\/v2\/media\/598000"}],"wp:attachment":[{"href":"https:\/\/www.europesays.com\/de\/wp-json\/wp\/v2\/media?parent=597999"}],"wp:term":[{"taxonomy":"category","embeddable":true,"href":"https:\/\/www.europesays.com\/de\/wp-json\/wp\/v2\/categories?post=597999"},{"taxonomy":"post_tag","embeddable":true,"href":"https:\/\/www.europesays.com\/de\/wp-json\/wp\/v2\/tags?post=597999"}],"curies":[{"name":"wp","href":"https:\/\/api.w.org\/{rel}","templated":true}]}}