{"id":598072,"date":"2025-11-24T05:44:49","date_gmt":"2025-11-24T05:44:49","guid":{"rendered":"https:\/\/www.europesays.com\/de\/598072\/"},"modified":"2025-11-24T05:44:49","modified_gmt":"2025-11-24T05:44:49","slug":"ex-mordermittler-axel-petermann-macht-vorschlag","status":"publish","type":"post","link":"https:\/\/www.europesays.com\/de\/598072\/","title":{"rendered":"Ex-Mordermittler Axel Petermann macht Vorschlag"},"content":{"rendered":"<p>Ex-Mordermittler spricht <\/p>\n<p>Vermisste Rebecca Reusch: &#8222;Er w\u00fcrde alles verlieren&#8220;<\/p>\n<ul class=\"grid grid-flow-col gap-4\" aria-label=\"Autorenbilder\">\n<li class=\"leading-0\"><img data-tb-author-image=\"\"  loading=\"lazy\" src=\"https:\/\/www.europesays.com\/de\/wp-content\/uploads\/2025\/09\/1757473277_933_image.jpg\" alt=\"\" title=\"\" width=\"40\" height=\"40\" class=\"\" decoding=\"async\"\/><\/li>\n<\/ul>\n<p>01.11.2025Lesedauer: 3 Min.<\/p>\n<p><a href=\"#focus-0\" class=\"transition-colors duration-200 block text-current relative\" data-sctrack=\"FocusGalleryImage.Reference\"><img fetchpriority=\"high\" data-testid=\"Opener.Image\" style=\"--lqipURL:url('https:\/\/images.t-online.de\/2025\/11\/pGxlG78GlRd3\/0x0:1920x1080\/fit-in\/150x0\/filters:blur(25)\/die-seit-2019-vermisste-rebecca-reusch-aus-berlin-archivbild-die-polizei-vermutet-dass-ihr-schwager-sie-getoetet-hat-er-bestreitet-das.png')\"   loading=\"eager\" src=\"https:\/\/www.europesays.com\/de\/wp-content\/uploads\/2025\/11\/die-seit-2019-vermisste-rebecca-reusch-aus-berlin-archivbild-die-polizei-vermutet-dass-ihr-schwager-.png\" alt=\"Die seit 2019 vermisste Rebecca Reusch aus Berlin (Archivbild): Die Polizei vermutet, dass ihr Schwager sie get\u00f6tet hat \u2013 er bestreitet das.\" title=\"Die seit 2019 vermisste Rebecca Reusch aus Berlin (Archivbild): Die Polizei vermutet, dass ihr Schwager sie get\u00f6tet hat \u2013 er bestreitet das.\" width=\"1920\" height=\"1080\" class=\"bg-[url:var(--lqipURL)] bg-cover bg-center flex h-full w-full max-w-full\" decoding=\"async\"\/><img style=\"--width:32;--height:32\" loading=\"lazy\" src=\"https:\/\/www.t-online.de\/s\/paper\/_next\/static\/media\/zoom-in.f7dae02f.svg\" alt=\"Vergr\u00f6\u00dfern des Bildes\" title=\"Vergr\u00f6\u00dfern des Bildes\" class=\"block h-[calc(var(--height)_\/_16_*_1rem)] w-[calc(var(--width)_\/_16_*_1rem)] max-w-none absolute bottom-8 right-8 rounded-4 bg-snow p-8\" decoding=\"async\"\/><\/a><\/p>\n<p>Die seit 2019 vermisste Rebecca Reusch aus Berlin (Archivbild): Die Polizei vermutet, dass ihr Schwager sie get\u00f6tet hat \u2013 er bestreitet das. (Quelle: dpa \/ Polizei Berlin (Collage: Heike A\u00dfmann))<\/p>\n<p class=\"font-bold text-18 leading-17\">Der Vermisstenfall Rebecca Reusch aus Berlin l\u00e4sst die Ermittler nicht los. Fr\u00fch legten sie sich auf einen Verd\u00e4chtigen fest \u2013 bislang bleibt der Durchbruch aus. Jetzt macht ein Ex-Mordermittler einen Vorschlag.<\/p>\n<p class=\"text-18 leading-17\">Seit mehr als sechs Jahren fehlt von Rebecca Reusch aus <a target=\"_blank\" class=\"transition-colors duration-200 cursor-pointer text-inherit no-underline text-salemsfur md:hover:text-magenta md:hover:border-magenta md:focus:text-magenta border-current border-b border-solid break-words\" href=\"https:\/\/berlin.t-online.de\/region\/berlin\/\" data-sctrack=\"BodyAnchor\" rel=\"noopener\">Berlin<\/a> jede Spur. Gro\u00dfe Hoffnung kam auf, als die <a class=\"transition-colors duration-200 cursor-pointer text-inherit no-underline text-salemsfur md:hover:text-magenta md:hover:border-magenta md:focus:text-magenta border-current border-b border-solid break-words\" href=\"https:\/\/www.t-online.de\/nachrichten\/panorama\/menschen-schicksale\/id_100965174\/fall-rebecca-reusch-polizei-durchsucht-wassertank-in-brandenburg.html\" data-sctrack=\"BodyAnchor\" target=\"_blank\" rel=\"noopener\">Polizei Mitte Oktober mehrere Grundst\u00fccke in Brandenburg nach sterblichen \u00dcberresten<\/a> und weiteren Spuren durchsuchte. Doch Rebecca bleibt verschwunden. Die Polizei teilte nach dem Einsatz lediglich mit, dass &#8222;Spuren gesichert&#8220; werden konnten. Ein langj\u00e4hriger Ermittler spricht im Gespr\u00e4ch mit t-online jetzt \u00fcber einen Vorschlag, der aus seiner Sicht den Durchbruch bringen k\u00f6nnte.<\/p>\n<p class=\"text-18 leading-17\">Axel Petermann ist Profiler und war lange Jahre Leiter der 1. Mordkommission bei der Kriminalpolizei in <a target=\"_blank\" class=\"transition-colors duration-200 cursor-pointer text-inherit no-underline text-salemsfur md:hover:text-magenta md:hover:border-magenta md:focus:text-magenta border-current border-b border-solid break-words\" href=\"https:\/\/bremen.t-online.de\/region\/bremen\/\" data-sctrack=\"BodyAnchor\" rel=\"noopener\">Bremen<\/a>. Die Ermittlungen im Fall Rebecca Reusch verfolgt er seit vielen Jahren. Die damals 15 Jahre alte Jugendliche war am Morgen des 18. Februar 2019 im Berliner Stadtteil Britz verschwunden. Seit jeher h\u00e4lt die Polizei den Schwager von Rebecca f\u00fcr den Hauptverd\u00e4chtigen. Der Grund: Er sei der Letzte, der Rebecca lebend gesehen habe.<\/p>\n<p class=\"text-18 leading-17\">Es gab Indizien, er verstrickte sich in Widerspr\u00fcche \u2013 doch die Schuld des 33-J\u00e4hrigen konnte bislang nicht bewiesen werden. Er selbst weist die Vorw\u00fcrfe zur\u00fcck, f\u00fcr ihn gilt die Unschuldsvermutung.<\/p>\n<p class=\"text-18 leading-17\">Profiler Axel Petermann findet die schnelle Fixierung auf einen bestimmten Tatablauf nicht per se falsch \u2013 er betont im Gespr\u00e4ch mit t-online allerdings: &#8222;Wenn man sich auf einen Handlungsablauf, eine Version der Tat, eingelassen hat, zeigt die Psychologie, dass die eigene Theorie best\u00e4tigt werden soll. Neue Informationen werden nur ber\u00fccksichtigt, wenn sie uns best\u00e4tigen, Gegenteiliges bleibt au\u00dfen vor.&#8220; So verfestigten sich die Annahmen immer mehr, &#8222;bis letztendlich alles passt&#8220;.<\/p>\n<p class=\"text-18 leading-17\">Sinnvoll sei es daher, Fallanalytiker einzubinden, die noch nie mit den Ermittlungen zu tun hatten. Dann m\u00fcsse die Frage gestellt werden: &#8222;Stimmen die bisherigen Annahmen und Theorien?&#8220; Nat\u00fcrlich k\u00f6nnten dabei die bisherigen Ergebnisse auch best\u00e4tigt werden, sagt Petermann. Doch seine Erfahrung als Fallanalytiker zeige: &#8222;Es gibt immer wieder neue Interpretationen des Tatablaufs und der damit einhergehenden Motivationen des T\u00e4ters. Nur so kann man Verborgenes finden.&#8220;<\/p>\n","protected":false},"excerpt":{"rendered":"Ex-Mordermittler spricht Vermisste Rebecca Reusch: &#8222;Er w\u00fcrde alles verlieren&#8220; 01.11.2025Lesedauer: 3 Min. Die seit 2019 vermisste Rebecca Reusch&hellip;\n","protected":false},"author":2,"featured_media":598073,"comment_status":"","ping_status":"","sticky":false,"template":"","format":"standard","meta":{"footnotes":""},"categories":[1825],"tags":[1434,1941,1939,142932,296,1937,1890,2420,16999,29,127753,30,983,109381,1940,1938,121,79843,226,127754,5117],"class_list":{"0":"post-598072","1":"post","2":"type-post","3":"status-publish","4":"format-standard","5":"has-post-thumbnail","7":"category-berlin","8":"tag-1434","9":"tag-aktuelle-nachrichten-aus-berlin","10":"tag-aktuelle-news-aus-berlin","11":"tag-axel-petermann","12":"tag-berlin","13":"tag-berlin-news","14":"tag-brandenburg","15":"tag-bremen","16":"tag-britz","17":"tag-deutschland","18":"tag-fall-rebecca","19":"tag-germany","20":"tag-kripo","21":"tag-mark-benecke","22":"tag-nachrichten-aus-berlin","23":"tag-news-aus-berlin","24":"tag-polizei","25":"tag-rebecca-reusch","26":"tag-t-online","27":"tag-tauche","28":"tag-vermisstenfall"},"share_on_mastodon":{"url":"https:\/\/pubeurope.com\/@de\/115603095143666518","error":""},"_links":{"self":[{"href":"https:\/\/www.europesays.com\/de\/wp-json\/wp\/v2\/posts\/598072","targetHints":{"allow":["GET"]}}],"collection":[{"href":"https:\/\/www.europesays.com\/de\/wp-json\/wp\/v2\/posts"}],"about":[{"href":"https:\/\/www.europesays.com\/de\/wp-json\/wp\/v2\/types\/post"}],"author":[{"embeddable":true,"href":"https:\/\/www.europesays.com\/de\/wp-json\/wp\/v2\/users\/2"}],"replies":[{"embeddable":true,"href":"https:\/\/www.europesays.com\/de\/wp-json\/wp\/v2\/comments?post=598072"}],"version-history":[{"count":0,"href":"https:\/\/www.europesays.com\/de\/wp-json\/wp\/v2\/posts\/598072\/revisions"}],"wp:featuredmedia":[{"embeddable":true,"href":"https:\/\/www.europesays.com\/de\/wp-json\/wp\/v2\/media\/598073"}],"wp:attachment":[{"href":"https:\/\/www.europesays.com\/de\/wp-json\/wp\/v2\/media?parent=598072"}],"wp:term":[{"taxonomy":"category","embeddable":true,"href":"https:\/\/www.europesays.com\/de\/wp-json\/wp\/v2\/categories?post=598072"},{"taxonomy":"post_tag","embeddable":true,"href":"https:\/\/www.europesays.com\/de\/wp-json\/wp\/v2\/tags?post=598072"}],"curies":[{"name":"wp","href":"https:\/\/api.w.org\/{rel}","templated":true}]}}