{"id":598163,"date":"2025-11-24T06:41:34","date_gmt":"2025-11-24T06:41:34","guid":{"rendered":"https:\/\/www.europesays.com\/de\/598163\/"},"modified":"2025-11-24T06:41:34","modified_gmt":"2025-11-24T06:41:34","slug":"spatenstich-fuer-neue-hippo-anlage-im-duisburger-zoo","status":"publish","type":"post","link":"https:\/\/www.europesays.com\/de\/598163\/","title":{"rendered":"Spatenstich f\u00fcr neue Hippo-Anlage im Duisburger Zoo"},"content":{"rendered":"<p>Die neue Anlage f\u00fcr die Zwergflusspferde wird unter anderem von der Duisburger Sparkasse unterst\u00fctzt. Sie spendet laut Zoo eine sechsstellige Summe. Neben weiteren Spendenaktionen leisten auch die Hippos selbst einen ungew\u00f6hnlichen Beitrag zu ihrem neuen Zuhause. Die drei malen Bilder, die verkauft werden. Dabei laufen sie mit bunten F\u00fc\u00dfen \u00fcber Leinw\u00e4nde. Die Idee kommt aus dem Training mit den Tieren. Eigentlich \u00fcben die Pflegerinnen und Pfleger so medizinische Abl\u00e4ufe \u2013 zum Beispiel das Laufen \u00fcber eine Waage.<\/p>\n","protected":false},"excerpt":{"rendered":"Die neue Anlage f\u00fcr die Zwergflusspferde wird unter anderem von der Duisburger Sparkasse unterst\u00fctzt. Sie spendet laut Zoo&hellip;\n","protected":false},"author":2,"featured_media":598164,"comment_status":"","ping_status":"","sticky":false,"template":"","format":"standard","meta":{"footnotes":""},"categories":[1838],"tags":[3364,29,3715,30,1209],"class_list":{"0":"post-598163","1":"post","2":"type-post","3":"status-publish","4":"format-standard","5":"has-post-thumbnail","7":"category-duisburg","8":"tag-de","9":"tag-deutschland","10":"tag-duisburg","11":"tag-germany","12":"tag-nordrhein-westfalen"},"share_on_mastodon":{"url":"https:\/\/pubeurope.com\/@de\/115603315001862771","error":""},"_links":{"self":[{"href":"https:\/\/www.europesays.com\/de\/wp-json\/wp\/v2\/posts\/598163","targetHints":{"allow":["GET"]}}],"collection":[{"href":"https:\/\/www.europesays.com\/de\/wp-json\/wp\/v2\/posts"}],"about":[{"href":"https:\/\/www.europesays.com\/de\/wp-json\/wp\/v2\/types\/post"}],"author":[{"embeddable":true,"href":"https:\/\/www.europesays.com\/de\/wp-json\/wp\/v2\/users\/2"}],"replies":[{"embeddable":true,"href":"https:\/\/www.europesays.com\/de\/wp-json\/wp\/v2\/comments?post=598163"}],"version-history":[{"count":0,"href":"https:\/\/www.europesays.com\/de\/wp-json\/wp\/v2\/posts\/598163\/revisions"}],"wp:featuredmedia":[{"embeddable":true,"href":"https:\/\/www.europesays.com\/de\/wp-json\/wp\/v2\/media\/598164"}],"wp:attachment":[{"href":"https:\/\/www.europesays.com\/de\/wp-json\/wp\/v2\/media?parent=598163"}],"wp:term":[{"taxonomy":"category","embeddable":true,"href":"https:\/\/www.europesays.com\/de\/wp-json\/wp\/v2\/categories?post=598163"},{"taxonomy":"post_tag","embeddable":true,"href":"https:\/\/www.europesays.com\/de\/wp-json\/wp\/v2\/tags?post=598163"}],"curies":[{"name":"wp","href":"https:\/\/api.w.org\/{rel}","templated":true}]}}