{"id":598572,"date":"2025-11-24T10:55:18","date_gmt":"2025-11-24T10:55:18","guid":{"rendered":"https:\/\/www.europesays.com\/de\/598572\/"},"modified":"2025-11-24T10:55:18","modified_gmt":"2025-11-24T10:55:18","slug":"celine-i-und-logan-i-feierlich-als-wuppertaler-jugendprinzenpaar-proklamiert","status":"publish","type":"post","link":"https:\/\/www.europesays.com\/de\/598572\/","title":{"rendered":"Celine I. und Logan I. feierlich als Wuppertaler Jugendprinzenpaar proklamiert"},"content":{"rendered":"<p class=\"text_ohne_einzug richtext text-em-55 !leading-serif mx-6 desktop:mx-0\">Nun sind Celine I und Logan I offiziell das regierende (Jugend-) Prinzenpaar in Wuppertal und damit die Herrschenden \u00fcber die hiesige Narrenschar. Die \u201eKr\u00f6nung\u201c, beziehungsweise feierliche Proklamation im \u201ePalacio\u201c in der Elberfelder Herzogstra\u00dfe, nahe dem Weihnachtsmarkt, war Aufgabe der jungen Oberb\u00fcrgermeisterin Miriam Scherff, die offensichtlich ihr Herz f\u00fcr den Karneval entdeckt hat und mit T\u00f6chterchen an der Seite gern das Paar mit den Insignien der karnevalistischen Macht dekorierte.<\/p>\n","protected":false},"excerpt":{"rendered":"Nun sind Celine I und Logan I offiziell das regierende (Jugend-) Prinzenpaar in Wuppertal und damit die Herrschenden&hellip;\n","protected":false},"author":2,"featured_media":598573,"comment_status":"","ping_status":"","sticky":false,"template":"","format":"standard","meta":{"footnotes":""},"categories":[1840],"tags":[133948,143045,135642,3364,29,30,139491,1635,143046,96975,90363,1209,18852,38758,45726,4418],"class_list":{"0":"post-598572","1":"post","2":"type-post","3":"status-publish","4":"format-standard","5":"has-post-thumbnail","7":"category-wuppertal","8":"tag-amtskette","9":"tag-ccw","10":"tag-celine","11":"tag-de","12":"tag-deutschland","13":"tag-germany","14":"tag-insignien","15":"tag-jugend","16":"tag-jugendprinzenpaar","17":"tag-logan","18":"tag-miriam","19":"tag-nordrhein-westfalen","20":"tag-oberbuergermeisterin","21":"tag-prinzenpaar","22":"tag-scherff","23":"tag-wuppertal"},"share_on_mastodon":{"url":"https:\/\/pubeurope.com\/@de\/115604312882651822","error":""},"_links":{"self":[{"href":"https:\/\/www.europesays.com\/de\/wp-json\/wp\/v2\/posts\/598572","targetHints":{"allow":["GET"]}}],"collection":[{"href":"https:\/\/www.europesays.com\/de\/wp-json\/wp\/v2\/posts"}],"about":[{"href":"https:\/\/www.europesays.com\/de\/wp-json\/wp\/v2\/types\/post"}],"author":[{"embeddable":true,"href":"https:\/\/www.europesays.com\/de\/wp-json\/wp\/v2\/users\/2"}],"replies":[{"embeddable":true,"href":"https:\/\/www.europesays.com\/de\/wp-json\/wp\/v2\/comments?post=598572"}],"version-history":[{"count":0,"href":"https:\/\/www.europesays.com\/de\/wp-json\/wp\/v2\/posts\/598572\/revisions"}],"wp:featuredmedia":[{"embeddable":true,"href":"https:\/\/www.europesays.com\/de\/wp-json\/wp\/v2\/media\/598573"}],"wp:attachment":[{"href":"https:\/\/www.europesays.com\/de\/wp-json\/wp\/v2\/media?parent=598572"}],"wp:term":[{"taxonomy":"category","embeddable":true,"href":"https:\/\/www.europesays.com\/de\/wp-json\/wp\/v2\/categories?post=598572"},{"taxonomy":"post_tag","embeddable":true,"href":"https:\/\/www.europesays.com\/de\/wp-json\/wp\/v2\/tags?post=598572"}],"curies":[{"name":"wp","href":"https:\/\/api.w.org\/{rel}","templated":true}]}}