{"id":598824,"date":"2025-11-24T13:35:18","date_gmt":"2025-11-24T13:35:18","guid":{"rendered":"https:\/\/www.europesays.com\/de\/598824\/"},"modified":"2025-11-24T13:35:18","modified_gmt":"2025-11-24T13:35:18","slug":"reggae-legende-jimmy-cliff-%e2%80%a081-ist-tot-er-sang-you-can-get-it-if-you-really-want-unterhaltung","status":"publish","type":"post","link":"https:\/\/www.europesays.com\/de\/598824\/","title":{"rendered":"Reggae-Legende Jimmy Cliff (\u202081) ist tot: Er sang \u201eYou can get it if you really want\u201c | Unterhaltung"},"content":{"rendered":"<p><b>Trauer um eine Reggae-Legende: Jimmy Cliff, einer der gr\u00f6\u00dften S\u00e4nger und Schauspieler Jamaikas, ist im Alter von 81 Jahren gestorben. Man kennt ihn vor allem wegen seines gr\u00f6\u00dften Hits: \u201eYou can get it if you really want\u201c.<\/b><\/p>\n<p>Seine Frau Latifa Chambers teilte auf Instagram mit: \u201eMit tiefer Trauer teile ich mit, dass mein Mann Jimmy Cliff aufgrund eines Krampfanfalls und einer darauf folgenden Lungenentz\u00fcndung verstorben ist. Ich bin dankbar f\u00fcr seine Familie, Freunde, K\u00fcnstlerkollegen und Mitarbeiter, die seinen Weg mit ihm gegangen sind. An alle seine Fans auf der ganzen Welt: Bitte seid euch bewusst, dass eure Unterst\u00fctzung w\u00e4hrend seiner gesamten Karriere seine St\u00e4rke war \u2026 Jimmy, mein Liebling, m\u00f6gest du in Frieden ruhen. Ich werde deinen W\u00fcnschen folgen.\u201c<\/p>\n<p> An dieser Stelle findest du Inhalte aus Instagram <\/p>\n<p> Um mit Inhalten aus Instagram und anderen sozialen Netzwerken zu interagieren oder diese darzustellen, brauchen wir deine Zustimmung. <\/p>\n<p> soziale Netzwerke aktivieren  Um eingebettete Inhalte anzuzeigen, ist Ihre jederzeit widerrufliche Einwilligung (\u00fcber den Schalter oder \u00fcber &#8220; <a class=\"embed-placeholder__text-link\" href=\"#\" rel=\"noopener noreferrer\" title=\"Tracking widerrufen\"> Widerruf Tracking und Cookies<\/a> &#8220; am Seitenende) zur Verarbeitung personenbezogener Daten n\u00f6tig.  Dabei k\u00f6nnen Daten in Drittl\u00e4nder wie die USA \u00fcbermittelt werden (Art. 49 Abs. 1 lit. a DSGVO). Mit dem Aktivieren des Inhalts stimmen Sie zu. Weitere Infos finden Sie <a class=\"embed-placeholder__text-link\" href=\"#\" rel=\"noopener noreferrer\" title=\"Zu den Privatsph\u00e4re Einstellungen\"> hier<\/a>. Weltstar mit Herz und Botschaft<\/p>\n<p><b>Mit Songs wie \u201eYou Can Get It If You Really Want\u201c, \u201eI Can See Clearly Now\u201c und \u201eWonderful World, Beautiful People\u201c wurde Cliff weltber\u00fchmt. Seine Musik stand f\u00fcr Lebensfreude, Mut und Hoffnung.<\/b><\/p>\n<p>Auch als Schauspieler schrieb er Geschichte: In dem Kultfilm \u201eThe Harder They Come\u201c (1972) spielte er die Hauptrolle \u2013 das Werk gilt bis heute als Meilenstein des jamaikanischen Kinos.<\/p>\n<p>Jimmy Cliff war einer der wenigen K\u00fcnstler, die mit dem h\u00f6chsten Verdienstorden Jamaikas ausgezeichnet wurden \u2013 neben Gr\u00f6\u00dfen wie Bob Marley. Seine Musik und seine Botschaft leben weiter.<\/p>\n","protected":false},"excerpt":{"rendered":"Trauer um eine Reggae-Legende: Jimmy Cliff, einer der gr\u00f6\u00dften S\u00e4nger und Schauspieler Jamaikas, ist im Alter von 81&hellip;\n","protected":false},"author":2,"featured_media":598825,"comment_status":"","ping_status":"","sticky":false,"template":"","format":"standard","meta":{"footnotes":""},"categories":[155],"tags":[1737,1738,29,214,1736,30,143086,138370,45,3533,215],"class_list":{"0":"post-598824","1":"post","2":"type-post","3":"status-publish","4":"format-standard","5":"has-post-thumbnail","7":"category-unterhaltung","8":"tag-breaking-news","9":"tag-desk-delta","10":"tag-deutschland","11":"tag-entertainment","12":"tag-fb-instantarticles","13":"tag-germany","14":"tag-reggae","15":"tag-team-first","16":"tag-texttospeech","17":"tag-todesfall","18":"tag-unterhaltung"},"share_on_mastodon":{"url":"https:\/\/pubeurope.com\/@de\/115604942583054668","error":""},"_links":{"self":[{"href":"https:\/\/www.europesays.com\/de\/wp-json\/wp\/v2\/posts\/598824","targetHints":{"allow":["GET"]}}],"collection":[{"href":"https:\/\/www.europesays.com\/de\/wp-json\/wp\/v2\/posts"}],"about":[{"href":"https:\/\/www.europesays.com\/de\/wp-json\/wp\/v2\/types\/post"}],"author":[{"embeddable":true,"href":"https:\/\/www.europesays.com\/de\/wp-json\/wp\/v2\/users\/2"}],"replies":[{"embeddable":true,"href":"https:\/\/www.europesays.com\/de\/wp-json\/wp\/v2\/comments?post=598824"}],"version-history":[{"count":0,"href":"https:\/\/www.europesays.com\/de\/wp-json\/wp\/v2\/posts\/598824\/revisions"}],"wp:featuredmedia":[{"embeddable":true,"href":"https:\/\/www.europesays.com\/de\/wp-json\/wp\/v2\/media\/598825"}],"wp:attachment":[{"href":"https:\/\/www.europesays.com\/de\/wp-json\/wp\/v2\/media?parent=598824"}],"wp:term":[{"taxonomy":"category","embeddable":true,"href":"https:\/\/www.europesays.com\/de\/wp-json\/wp\/v2\/categories?post=598824"},{"taxonomy":"post_tag","embeddable":true,"href":"https:\/\/www.europesays.com\/de\/wp-json\/wp\/v2\/tags?post=598824"}],"curies":[{"name":"wp","href":"https:\/\/api.w.org\/{rel}","templated":true}]}}