{"id":598834,"date":"2025-11-24T13:42:13","date_gmt":"2025-11-24T13:42:13","guid":{"rendered":"https:\/\/www.europesays.com\/de\/598834\/"},"modified":"2025-11-24T13:42:13","modified_gmt":"2025-11-24T13:42:13","slug":"youtube-star-jan-zimmermann-tot-er-begeisterte-millionen-mit-gewitter-im-kopf-unterhaltung","status":"publish","type":"post","link":"https:\/\/www.europesays.com\/de\/598834\/","title":{"rendered":"YouTube-Star Jan Zimmermann tot: Er begeisterte Millionen mit \u201eGewitter im Kopf\u201c | Unterhaltung"},"content":{"rendered":"<p>K\u00f6nigswinter \u2013 <b>Traurige Nachrichten aus der deutschen YouTube-Szene: Wie die Polizei gegen\u00fcber BILD best\u00e4tigt, ist der deutsche YouTube-Star Jan Zimmermann (\u201eGewitter im Kopf\u201c) tot in seiner Wohnung in K\u00f6nigswinter aufgefunden worden. Er wurde nur 27 Jahre alt.<\/b><\/p>\n<p>Ein Sprecher der Bonner Polizei zu BILD: \u201eDer Verstorbene ist am 18. November in den Abendstunden in seiner Wohnung tot aufgefunden worden. Wir haben ein Todesermittlungsverfahren eingeleitet, das bereits abgeschlossen ist. Nach der Obduktion ergaben sich keine Hinweise auf ein Fremdverschulden.\u201c<\/p>\n<p>Tourette-Syndrom machte ihn zum Star<\/p>\n<p>Jan Zimmermann erlangte 2019 mit seinem Kumpel Tim Lehmann deutschlandweit Bekanntheit mit dem YouTube-Kanal \u201eGewitter im Kopf\u201c (rund 2 Millionen Abonnenten). Dort teilte er auf unterhaltsame Art sein Leben mit der neurologischen Krankheit Tourette.<\/p>\n<p> An dieser Stelle findest du Inhalte aus YouTube <\/p>\n<p> Um mit Inhalten aus YouTube und anderen sozialen Netzwerken zu interagieren oder diese darzustellen, brauchen wir deine Zustimmung. <\/p>\n<p> soziale Netzwerke aktivieren  Um eingebettete Inhalte anzuzeigen, ist Ihre jederzeit widerrufliche Einwilligung (\u00fcber den Schalter oder \u00fcber &#8220; <a class=\"embed-placeholder__text-link\" href=\"#\" rel=\"noopener noreferrer\" title=\"Tracking widerrufen\"> Widerruf Tracking und Cookies<\/a> &#8220; am Seitenende) zur Verarbeitung personenbezogener Daten n\u00f6tig.  Dabei k\u00f6nnen Daten in Drittl\u00e4nder wie die USA \u00fcbermittelt werden (Art. 49 Abs. 1 lit. a DSGVO). Mit dem Aktivieren des Inhalts stimmen Sie zu. Weitere Infos finden Sie <a class=\"embed-placeholder__text-link\" href=\"#\" rel=\"noopener noreferrer\" title=\"Zu den Privatsph\u00e4re Einstellungen\"> hier<\/a>. <\/p>\n<p>Betroffene leiden an unkontrollierbaren Bewegungen oder Lauten, die sie von sich geben. Diese werden \u201eTics\u201c genannt. Diese Tics passieren automatisch, die Erkrankten machen es nicht absichtlich und es ist f\u00fcr sie sehr schwer bis unm\u00f6glich, sie abzustellen. Zimmermann hatte seine Erkrankung erstmals in einem Beitrag der ProSieben-Show \u201eGalileo\u201c im Februar 2019 bekanntgemacht. Die Reportage fand gro\u00dfen Anklang, anschlie\u00dfend gr\u00fcndete er seinen YouTube-Kanal.<\/p>\n<p>Ende 2022 bekam Jan Zimmermann in seinem Kampf gegen Tourette einen Hirnschrittmacher eingesetzt, der seine Tics unterdr\u00fccken sollte. Doch die neurologische Erkrankung war auch weiterhin ein Teil seines Lebens. Ob sie am Ende mit seinem viel zu fr\u00fchen Tod zusammenh\u00e4ngt, ist aktuell nicht bekannt.<\/p>\n<p>Hier bekommen Depressive Hilfe!<\/p>\n<p>BILD berichtet in der Regel nicht \u00fcber Selbstt\u00f6tungen, um keinen Anreiz f\u00fcr Nachahmung zu geben \u2013 au\u00dfer Suizide erfahren durch die Umst\u00e4nde besondere Aufmerksamkeit.<\/p>\n<p>Wenn Sie selbst depressiv sind, Selbstmord-Gedanken haben, kontaktieren Sie bitte umgehend die <a href=\"https:\/\/www.telefonseelsorge.de\/\" target=\"_blank\" rel=\"nofollow noopener\" class=\"text-link--external text-link\">Telefonseelsorge<\/a>. Unter der kostenlosen Hotline 0800-1110111 oder 0800-1110222 erhalten Sie Hilfe von Beratern, die Auswege aus schwierigen Situationen kennen.<\/p>\n","protected":false},"excerpt":{"rendered":"K\u00f6nigswinter \u2013 Traurige Nachrichten aus der deutschen YouTube-Szene: Wie die Polizei gegen\u00fcber BILD best\u00e4tigt, ist der deutsche YouTube-Star&hellip;\n","protected":false},"author":2,"featured_media":598835,"comment_status":"","ping_status":"","sticky":false,"template":"","format":"standard","meta":{"footnotes":""},"categories":[5],"tags":[13,1508,638,14,15,12,45,3533,10,8,9,11,143089,1504,1506,1507],"class_list":{"0":"post-598834","1":"post","2":"type-post","3":"status-publish","4":"format-standard","5":"has-post-thumbnail","7":"category-nachrichten","8":"tag-headlines","9":"tag-internet-stars","10":"tag-krankheiten","11":"tag-nachrichten","12":"tag-news","13":"tag-schlagzeilen","14":"tag-texttospeech","15":"tag-todesfall","16":"tag-top-news","17":"tag-top-meldungen","18":"tag-topmeldungen","19":"tag-topnews","20":"tag-tourette-syndrom","21":"tag-twitch","22":"tag-youtube","23":"tag-youtuber"},"share_on_mastodon":{"url":"https:\/\/pubeurope.com\/@de\/115604969517106037","error":""},"_links":{"self":[{"href":"https:\/\/www.europesays.com\/de\/wp-json\/wp\/v2\/posts\/598834","targetHints":{"allow":["GET"]}}],"collection":[{"href":"https:\/\/www.europesays.com\/de\/wp-json\/wp\/v2\/posts"}],"about":[{"href":"https:\/\/www.europesays.com\/de\/wp-json\/wp\/v2\/types\/post"}],"author":[{"embeddable":true,"href":"https:\/\/www.europesays.com\/de\/wp-json\/wp\/v2\/users\/2"}],"replies":[{"embeddable":true,"href":"https:\/\/www.europesays.com\/de\/wp-json\/wp\/v2\/comments?post=598834"}],"version-history":[{"count":0,"href":"https:\/\/www.europesays.com\/de\/wp-json\/wp\/v2\/posts\/598834\/revisions"}],"wp:featuredmedia":[{"embeddable":true,"href":"https:\/\/www.europesays.com\/de\/wp-json\/wp\/v2\/media\/598835"}],"wp:attachment":[{"href":"https:\/\/www.europesays.com\/de\/wp-json\/wp\/v2\/media?parent=598834"}],"wp:term":[{"taxonomy":"category","embeddable":true,"href":"https:\/\/www.europesays.com\/de\/wp-json\/wp\/v2\/categories?post=598834"},{"taxonomy":"post_tag","embeddable":true,"href":"https:\/\/www.europesays.com\/de\/wp-json\/wp\/v2\/tags?post=598834"}],"curies":[{"name":"wp","href":"https:\/\/api.w.org\/{rel}","templated":true}]}}