{"id":598862,"date":"2025-11-24T13:58:15","date_gmt":"2025-11-24T13:58:15","guid":{"rendered":"https:\/\/www.europesays.com\/de\/598862\/"},"modified":"2025-11-24T13:58:15","modified_gmt":"2025-11-24T13:58:15","slug":"herford-weihnachtsmarkt-startet-mit-fassbieranstich","status":"publish","type":"post","link":"https:\/\/www.europesays.com\/de\/598862\/","title":{"rendered":"Herford: Weihnachtsmarkt startet mit Fassbieranstich"},"content":{"rendered":"<p>Herford l\u00e4utet die Weihnachtsmarktsaison ein. Offiziell los geht es Montag um 17:00 Uhr mit dem Fassbieranstich auf dem G\u00e4nsemarkt. Einige Highlights sind das nostalgische Riesenrad, die Eisstockbahn oder die Lichterfahrt der Landwirte. Weil der Rathausplatz umgebaut wird und auch der Linnenbauerplatz nicht zur Verf\u00fcgung steht, m\u00fcssen einige St\u00e4nde woandershin.\u00a0<\/p>\n<p>Bis Jahresende<\/p>\n<p>Deswegen wird es unter anderem auch auf dem M\u00fcnsterkirchplatz etwas voller. Der Herforder Weihnachtsmarkt geht bis zum 30. Dezember.\u00a0<\/p>\n","protected":false},"excerpt":{"rendered":"Herford l\u00e4utet die Weihnachtsmarktsaison ein. Offiziell los geht es Montag um 17:00 Uhr mit dem Fassbieranstich auf dem&hellip;\n","protected":false},"author":2,"featured_media":598863,"comment_status":"","ping_status":"","sticky":false,"template":"","format":"standard","meta":{"footnotes":""},"categories":[1841],"tags":[1605,3364,29,60581,30,16398,1209,137275],"class_list":{"0":"post-598862","1":"post","2":"type-post","3":"status-publish","4":"format-standard","5":"has-post-thumbnail","7":"category-bielefeld","8":"tag-bielefeld","9":"tag-de","10":"tag-deutschland","11":"tag-gaensemarkt","12":"tag-germany","13":"tag-herford","14":"tag-nordrhein-westfalen","15":"tag-weihnachtsmarktsaison"},"share_on_mastodon":{"url":"https:\/\/pubeurope.com\/@de\/115605032592875398","error":""},"_links":{"self":[{"href":"https:\/\/www.europesays.com\/de\/wp-json\/wp\/v2\/posts\/598862","targetHints":{"allow":["GET"]}}],"collection":[{"href":"https:\/\/www.europesays.com\/de\/wp-json\/wp\/v2\/posts"}],"about":[{"href":"https:\/\/www.europesays.com\/de\/wp-json\/wp\/v2\/types\/post"}],"author":[{"embeddable":true,"href":"https:\/\/www.europesays.com\/de\/wp-json\/wp\/v2\/users\/2"}],"replies":[{"embeddable":true,"href":"https:\/\/www.europesays.com\/de\/wp-json\/wp\/v2\/comments?post=598862"}],"version-history":[{"count":0,"href":"https:\/\/www.europesays.com\/de\/wp-json\/wp\/v2\/posts\/598862\/revisions"}],"wp:featuredmedia":[{"embeddable":true,"href":"https:\/\/www.europesays.com\/de\/wp-json\/wp\/v2\/media\/598863"}],"wp:attachment":[{"href":"https:\/\/www.europesays.com\/de\/wp-json\/wp\/v2\/media?parent=598862"}],"wp:term":[{"taxonomy":"category","embeddable":true,"href":"https:\/\/www.europesays.com\/de\/wp-json\/wp\/v2\/categories?post=598862"},{"taxonomy":"post_tag","embeddable":true,"href":"https:\/\/www.europesays.com\/de\/wp-json\/wp\/v2\/tags?post=598862"}],"curies":[{"name":"wp","href":"https:\/\/api.w.org\/{rel}","templated":true}]}}