{"id":598996,"date":"2025-11-24T15:20:18","date_gmt":"2025-11-24T15:20:18","guid":{"rendered":"https:\/\/www.europesays.com\/de\/598996\/"},"modified":"2025-11-24T15:20:18","modified_gmt":"2025-11-24T15:20:18","slug":"diebe-stehlen-hochwertige-fahrraeder-aus-kellerraeumen","status":"publish","type":"post","link":"https:\/\/www.europesays.com\/de\/598996\/","title":{"rendered":"Diebe stehlen hochwertige Fahrr\u00e4der aus Kellerr\u00e4umen"},"content":{"rendered":"<p class=\"mb-6 text-xs md:text-m lg:text-l font-serif group-[.font-sans]:font-sans \">\n    Bislang unbekannte T\u00e4ter haben im Zeitraum von Samstag auf Sonntag zwei Fahrr\u00e4der aus Kellerr\u00e4umen in der Neuh\u00e4user Stra\u00dfe gestohlen. Wie die Polizei berichtet, hatten die T\u00e4ter zwischen 20 Uhr am Samstag und 12 Uhr am Sonntag zugeschlagen. Die Fahrr\u00e4der der Marke Cube waren in den Farben Schwarz-Rot und Grau-Schwarz gehalten. Der Wert der Beute liegt laut Polizei im vierstelligen Eurobereich. Die Polizei weist darauf hin, dass f\u00fcr das Delikt auch ein Einzelt\u00e4ter infrage kommt; sie ermittelt nun wegen eines besonders schweren Falls des Diebstahls und nimmt Zeugenhinweise unter der Telefonnummer 0821\/323-2510 entgegen. (jaka)\n  <\/p>\n<ul data-module-id=\"DragDropModule\" class=\"flex flex-wrap justify-start group-[.no-bookmarks]:hidden\">\n<li class=\"mb-3 mr-3\">\n    86154 Oberhausen<\/p>\n<p>      Icon Haken im Kreis gesetzt<\/p>\n<p>      Icon Plus im Kreis<\/p>\n<\/li>\n<li class=\"mb-3 mr-3\">\n    Fahrrad<\/p>\n<p>      Icon Haken im Kreis gesetzt<\/p>\n<p>      Icon Plus im Kreis<\/p>\n<\/li>\n<li class=\"mb-3 mr-3\">\n    Polizei<\/p>\n<p>      Icon Haken im Kreis gesetzt<\/p>\n<p>      Icon Plus im Kreis<\/p>\n<\/li>\n<\/ul>\n","protected":false},"excerpt":{"rendered":"Bislang unbekannte T\u00e4ter haben im Zeitraum von Samstag auf Sonntag zwei Fahrr\u00e4der aus Kellerr\u00e4umen in der Neuh\u00e4user Stra\u00dfe&hellip;\n","protected":false},"author":2,"featured_media":391117,"comment_status":"","ping_status":"","sticky":false,"template":"","format":"standard","meta":{"footnotes":"","_share_on_mastodon":"0"},"categories":[1846],"tags":[680,772,3364,29,1686,548,663,3934,1234,30,13,48576,14,15,3728,121,12,6053],"class_list":["post-598996","post","type-post","status-publish","format-standard","has-post-thumbnail","category-augsburg","tag-augsburg","tag-bayern","tag-de","tag-deutschland","tag-diebstahl","tag-eu","tag-europa","tag-europe","tag-fahrrad","tag-germany","tag-headlines","tag-kellerraum","tag-nachrichten","tag-news","tag-oberhausen","tag-polizei","tag-schlagzeilen","tag-stadtteil"],"share_on_mastodon":{"url":"https:\/\/pubeurope.com\/@de\/115605354784206418","error":""},"_links":{"self":[{"href":"https:\/\/www.europesays.com\/de\/wp-json\/wp\/v2\/posts\/598996","targetHints":{"allow":["GET"]}}],"collection":[{"href":"https:\/\/www.europesays.com\/de\/wp-json\/wp\/v2\/posts"}],"about":[{"href":"https:\/\/www.europesays.com\/de\/wp-json\/wp\/v2\/types\/post"}],"author":[{"embeddable":true,"href":"https:\/\/www.europesays.com\/de\/wp-json\/wp\/v2\/users\/2"}],"replies":[{"embeddable":true,"href":"https:\/\/www.europesays.com\/de\/wp-json\/wp\/v2\/comments?post=598996"}],"version-history":[{"count":0,"href":"https:\/\/www.europesays.com\/de\/wp-json\/wp\/v2\/posts\/598996\/revisions"}],"wp:featuredmedia":[{"embeddable":true,"href":"https:\/\/www.europesays.com\/de\/wp-json\/wp\/v2\/media\/391117"}],"wp:attachment":[{"href":"https:\/\/www.europesays.com\/de\/wp-json\/wp\/v2\/media?parent=598996"}],"wp:term":[{"taxonomy":"category","embeddable":true,"href":"https:\/\/www.europesays.com\/de\/wp-json\/wp\/v2\/categories?post=598996"},{"taxonomy":"post_tag","embeddable":true,"href":"https:\/\/www.europesays.com\/de\/wp-json\/wp\/v2\/tags?post=598996"}],"curies":[{"name":"wp","href":"https:\/\/api.w.org\/{rel}","templated":true}]}}