{"id":599054,"date":"2025-11-24T15:55:18","date_gmt":"2025-11-24T15:55:18","guid":{"rendered":"https:\/\/www.europesays.com\/de\/599054\/"},"modified":"2025-11-24T15:55:18","modified_gmt":"2025-11-24T15:55:18","slug":"dynamo-dresden-zoff-abschied-in-duesseldorf-jetzt-laeuft-vermeij-heiss-sport","status":"publish","type":"post","link":"https:\/\/www.europesays.com\/de\/599054\/","title":{"rendered":"Dynamo Dresden: Zoff-Abschied in D\u00fcsseldorf! Jetzt l\u00e4uft Vermeij hei\u00df | Sport"},"content":{"rendered":"<p><b>Dynamo Dresdens 2:1-Sieg beim VfL Bochum war eine Erl\u00f6sung. Auch und vor allem f\u00fcr Vincent Vermeij (31). <\/b><\/p>\n<p>Als K\u00f6nigstransfer gekommen, war der Start des St\u00fcrmers in Dresden maximal ungl\u00fccklich. Kaum war er da, bremste ihn ein fieser Virus-Infekt (G\u00fcrtelrose) wochenlang aus.  Der Kampf ums Comeback war z\u00e4h, die anf\u00e4nglichen (Kurz)Eins\u00e4tze wenig erbaulich. <\/p>\n<p><b>Jetzt endlich das erste Tor f\u00fcr die SGD, technisch gekonnt mit dem rechten Au\u00dfenrist erzielt. Es war \u00fcberhaupt sein erster Zweitliga-Treffer seit \u00fcber einem Jahr. Zuletzt hatte Vermeij am 19. Oktober 2024 getroffen.<\/b><\/p>\n<p>Mehr zum Thema<\/p>\n<p>\u201eDas war extrem wichtig. F\u00fcr mich pers\u00f6nlich und noch viel wichtiger f\u00fcr die Mannschaft\u201c, merkte man der Holland-Latte die Erleichterung an. \u201eSpeziell in der ersten Halbzeit haben wir gezeigt, dass wir es k\u00f6nnen. Nach der Pause leider nicht mehr, da haben wir es etwas zu spannend gemacht. Mal schauen, wie es die letzten Spiele dieses Kalenderjahr weitergeht.\u201c<\/p>\n<p><b>Am Sonntag schon mal mit dem n\u00e4chsten Keller-Knaller gegen D\u00fcsseldorf! F\u00fcr Vermeij ein ganz spezielles Spiel, <\/b><a href=\"https:\/\/www.bild.de\/sport\/fussball\/dynamo-dresden-kaese-supermarkt-trainer-fortuna-vermeij-packt-aus-689c2b59149faf081095d3f8\" class=\"text-link\" target=\"_blank\" rel=\"noopener\"><b>kam er doch im Sommer von der Fortuna<\/b><\/a><b>. Und das nach einem Zoff-Abschied.<\/b><\/p>\n<p><img decoding=\"async\" width=\"992\" height=\"558\" alt=\"Voller Einsatz! Vermeij (r.) im Kopfball-Duell mit Bochums Noah Loosli\" src=\"https:\/\/www.europesays.com\/de\/wp-content\/uploads\/2025\/11\/40674f122656e2ad71365f05b52a19f7,a75427f4\"   class=\"landscape\" loading=\"lazy\"\/><\/p>\n<p class=\"fig__caption__text\">Voller Einsatz! Vermeij (r.) im Kopfball-Duell mit Bochums Noah Loosli<\/p>\n<p>Foto: Ralf Ibing \/firo Sportphoto<\/p>\n<p>\u201eDa ist in den letzten Tagen viel passiert. Ich behalte das am liebsten f\u00fcr mich, intern habe ich es aber bei Trainer und Sportdirektor angesprochen\u201c, deutete der Angreifer unmittelbar nach seinem Wechsel zumindest an, dass da \u00c4rger in der Luft lag. \u201eIch h\u00e4tte es gern anders gehabt, sie wahrscheinlich auch. Am Ende war es gut, wir haben uns die Hand gegeben.\u201c<\/p>\n<p>\u201eDa ist viel passiert\u201c<\/p>\n<p><b>Das wird Vermeij als fairer Sportsmann ohne Zweifel auch vor und nach dem Spiel gegen seinen Ex-Klub tun. Auf dem Platz allerdings d\u00fcrfte er motiviert bis in die Haarspitzen sein. <\/b><\/p>\n<p>\u201eWir werden alles f\u00fcr den ersten Heimsieg tun\u201c, versichert er. \u201eWir m\u00fcssen auf dem Boden bleiben, aber das Vertrauen mitnehmen. Und dann 90 Minuten so rangehen, wie in Bochum in der ersten Halbzeit.\u201c<\/p>\n<p><b>Im Idealfall mit dem n\u00e4chsten Vermeij-Streich. Das nimmt er sich zumindest vor, l\u00e4uft nach seinem Premieren-Treffer hei\u00df: \u201eIch hoffe jetzt nat\u00fcrlich auf noch viel mehr Tore f\u00fcr <\/b><a href=\"https:\/\/www.bild.de\/sport\/fussball\/dynamo-dresden\/startseite-dynamo-46789412.bild.html\" class=\"text-link\" target=\"_blank\" rel=\"noopener\"><b>Dynamo Dresden<\/b><\/a><b>.\u201c Da h\u00e4tte garantiert keiner was dagegen&#8230;<\/b><\/p>\n","protected":false},"excerpt":{"rendered":"Dynamo Dresdens 2:1-Sieg beim VfL Bochum war eine Erl\u00f6sung. Auch und vor allem f\u00fcr Vincent Vermeij (31). Als&hellip;\n","protected":false},"author":2,"featured_media":599055,"comment_status":"","ping_status":"","sticky":false,"template":"","format":"standard","meta":{"footnotes":""},"categories":[1835],"tags":[621,3364,29,2386,3766,3132,347,30,859,803,3460,9095,45,8736,76011,8173],"class_list":{"0":"post-599054","1":"post","2":"type-post","3":"status-publish","4":"format-standard","5":"has-post-thumbnail","7":"category-dresden","8":"tag-2-bundesliga","9":"tag-de","10":"tag-deutschland","11":"tag-dresden","12":"tag-dynamo-dresden","13":"tag-fortuna-duesseldorf","14":"tag-fussball","15":"tag-germany","16":"tag-sachsen","17":"tag-spielertransfer","18":"tag-sport-leuchtturm-leipzig","19":"tag-stuermer","20":"tag-texttospeech","21":"tag-tor","22":"tag-vermeij-vincent","23":"tag-vfl-bochum"},"share_on_mastodon":{"url":"https:\/\/pubeurope.com\/@de\/115605493510091278","error":""},"_links":{"self":[{"href":"https:\/\/www.europesays.com\/de\/wp-json\/wp\/v2\/posts\/599054","targetHints":{"allow":["GET"]}}],"collection":[{"href":"https:\/\/www.europesays.com\/de\/wp-json\/wp\/v2\/posts"}],"about":[{"href":"https:\/\/www.europesays.com\/de\/wp-json\/wp\/v2\/types\/post"}],"author":[{"embeddable":true,"href":"https:\/\/www.europesays.com\/de\/wp-json\/wp\/v2\/users\/2"}],"replies":[{"embeddable":true,"href":"https:\/\/www.europesays.com\/de\/wp-json\/wp\/v2\/comments?post=599054"}],"version-history":[{"count":0,"href":"https:\/\/www.europesays.com\/de\/wp-json\/wp\/v2\/posts\/599054\/revisions"}],"wp:featuredmedia":[{"embeddable":true,"href":"https:\/\/www.europesays.com\/de\/wp-json\/wp\/v2\/media\/599055"}],"wp:attachment":[{"href":"https:\/\/www.europesays.com\/de\/wp-json\/wp\/v2\/media?parent=599054"}],"wp:term":[{"taxonomy":"category","embeddable":true,"href":"https:\/\/www.europesays.com\/de\/wp-json\/wp\/v2\/categories?post=599054"},{"taxonomy":"post_tag","embeddable":true,"href":"https:\/\/www.europesays.com\/de\/wp-json\/wp\/v2\/tags?post=599054"}],"curies":[{"name":"wp","href":"https:\/\/api.w.org\/{rel}","templated":true}]}}