{"id":599122,"date":"2025-11-24T16:37:14","date_gmt":"2025-11-24T16:37:14","guid":{"rendered":"https:\/\/www.europesays.com\/de\/599122\/"},"modified":"2025-11-24T16:37:14","modified_gmt":"2025-11-24T16:37:14","slug":"mutmassliche-sabotage-in-mika-verdaechtiger-nach-anschlag-in-polen-gefasst","status":"publish","type":"post","link":"https:\/\/www.europesays.com\/de\/599122\/","title":{"rendered":"Mutma\u00dfliche Sabotage in Mika: Verd\u00e4chtiger nach Anschlag in Polen gefasst"},"content":{"rendered":"<p class=\"paragraph article__item\">Rund eine Woche nach einem Sprengstoffanschlag auf eine Bahnstrecke in <a href=\"https:\/\/www.zeit.de\/thema\/polen\" class=\"\" target=\"_blank\" rel=\"nofollow noopener\">Polen<\/a> haben Ermittler einen Tatverd\u00e4chtigen festgenommen. Dem Mann werde vorgeworfen, bei der Vorbereitung des Anschlags geholfen zu haben, sagte ein Sprecher der Staatsanwaltschaft. Er soll seine Komplizen demnach im September zu der Bahnstrecke gebracht und ihnen gezeigt haben, wo sie den Sprengstoff ablegen sollen.\n<\/p>\n<p class=\"paragraph article__item\">Mitte November hatte eine Explosion einen Gleisabschnitt in der N\u00e4he des Ortes Mika auf der strategisch wichtigen Bahnstrecke zwischen Warschau und Lublin <a href=\"https:\/\/www.zeit.de\/politik\/2025-11\/polen-russland-anschlag-bahnstrecke-gxe\" class=\"\" target=\"_blank\" rel=\"nofollow noopener\">zerst\u00f6rt<\/a>. Die Ermittler gehen davon aus, dass es sich um einen Sabotageakt im Auftrag <a href=\"https:\/\/www.zeit.de\/thema\/russland\" class=\"\" target=\"_blank\" rel=\"nofollow noopener\">russischer<\/a> Geheimdienste handelt. Die Hauptverd\u00e4chtigen sind zwei Ukrainer im Alter von 39 und 41 Jahren, die nach der Tat nach <a class=\"rtr-entity\" href=\"https:\/\/www.zeit.de\/thema\/belarus\" rel=\"nofollow noopener\" target=\"_blank\">Belarus<\/a> gefl\u00fcchtet sein sollen. Auch ihr mutma\u00dflicher Komplize ist den Angaben zufolge Ukrainer.\n<\/p>\n<p class=\"paragraph article__item\">Als Reaktion auf den mutma\u00dflichen <a href=\"https:\/\/www.zeit.de\/politik\/deutschland\/2025-05\/bombendrohungen-schulen-hybrider-krieg-russland\" class=\"\" target=\"_blank\" rel=\"nofollow noopener\">Sabotageakt<\/a> schloss die polnische Regierung das letzte russische Konsulat im Land. Die russische Regierung bestreitet die Vorw\u00fcrfe und k\u00fcndigte an, im Gegenzug die diplomatische und konsularische Pr\u00e4senz <a class=\"rtr-entity\" href=\"https:\/\/www.zeit.de\/thema\/polen\" rel=\"nofollow noopener\" target=\"_blank\">Polens<\/a> in Russland einzuschr\u00e4nken.\n<\/p>\n<p class=\"paragraph article__item\">Die betroffene Bahnstrecke f\u00fchrt von der Hauptstadt Warschau zum Grenzort Dorohusk und von dort weiter in die Ukraine, zu deren engsten Verb\u00fcndeten Polen geh\u00f6rt. Viele der Milit\u00e4rtransporte, die Waffen zur Verteidigung gegen den russischen Angriffskrieg liefern, laufen \u00fcber das polnische Eisenbahnnetz.\n<\/p>\n<p>            Russische Sabotage        <\/p>\n<p>Mehr zum Thema<\/p>\n<p>                <a href=\"https:\/\/www.zeit.de\/politik\/2025-11\/polen-russland-anschlag-bahnstrecke-gxe\" data-ct-label=\"Mutma\u00dflicher Sprengstoffanschlag: Polen macht Russland f\u00fcr Explosion auf Bahnstrecke verantwortlich\" rel=\"nofollow noopener\" target=\"_blank\"><\/p>\n<p>                        Mutma\u00dflicher Sprengstoffanschlag:<br \/>\n                        Polen macht Russland f\u00fcr Explosion auf Bahnstrecke verantwortlich<\/p>\n<p>                <\/a><\/p>\n<p>                <a href=\"https:\/\/www.zeit.de\/politik\/deutschland\/2025-11\/sabotage-autos-ermittlungen-sabotage-wahlbeeinflussung-deutschland-russland-gxe\" data-ct-label=\"Bauschaum-Attacken: Sabotageserie gegen Autos sollte offenbar Bundestagswahl beeinflussen\" rel=\"nofollow noopener\" target=\"_blank\"><\/p>\n<p>                        Bauschaum-Attacken:<br \/>\n                        Sabotageserie gegen Autos sollte offenbar Bundestagswahl beeinflussen<\/p>\n<p>                <\/a><\/p>\n<p>                <a href=\"https:\/\/www.zeit.de\/politik\/deutschland\/2025-05\/bombendrohungen-schulen-hybrider-krieg-russland\" data-ct-label=\"Russische Sabotage: Angriff auf die Klassenzimmer\" rel=\"nofollow noopener\" target=\"_blank\"><\/p>\n<p>                        Russische Sabotage:<br \/>\n                        Angriff auf die Klassenzimmer<\/p>\n<p>                <\/a><\/p>\n","protected":false},"excerpt":{"rendered":"Rund eine Woche nach einem Sprengstoffanschlag auf eine Bahnstrecke in Polen haben Ermittler einen Tatverd\u00e4chtigen festgenommen. Dem Mann&hellip;\n","protected":false},"author":2,"featured_media":599123,"comment_status":"","ping_status":"","sticky":false,"template":"","format":"standard","meta":{"footnotes":""},"categories":[3],"tags":[916,587,3600,13,143169,14,15,3917,16,307,12,11187,10,8,9,11,103,104],"class_list":{"0":"post-599122","1":"post","2":"type-post","3":"status-publish","4":"format-standard","5":"has-post-thumbnail","7":"category-welt","8":"tag-belarus","9":"tag-ermittlung","10":"tag-fernverkehr","11":"tag-headlines","12":"tag-mutmassliche-sabotage-in-mika","13":"tag-nachrichten","14":"tag-news","15":"tag-polen","16":"tag-politik","17":"tag-russland","18":"tag-schlagzeilen","19":"tag-sprengstoff","20":"tag-top-news","21":"tag-top-meldungen","22":"tag-topmeldungen","23":"tag-topnews","24":"tag-welt","25":"tag-world"},"share_on_mastodon":{"url":"https:\/\/pubeurope.com\/@de\/115605657746872433","error":""},"_links":{"self":[{"href":"https:\/\/www.europesays.com\/de\/wp-json\/wp\/v2\/posts\/599122","targetHints":{"allow":["GET"]}}],"collection":[{"href":"https:\/\/www.europesays.com\/de\/wp-json\/wp\/v2\/posts"}],"about":[{"href":"https:\/\/www.europesays.com\/de\/wp-json\/wp\/v2\/types\/post"}],"author":[{"embeddable":true,"href":"https:\/\/www.europesays.com\/de\/wp-json\/wp\/v2\/users\/2"}],"replies":[{"embeddable":true,"href":"https:\/\/www.europesays.com\/de\/wp-json\/wp\/v2\/comments?post=599122"}],"version-history":[{"count":0,"href":"https:\/\/www.europesays.com\/de\/wp-json\/wp\/v2\/posts\/599122\/revisions"}],"wp:featuredmedia":[{"embeddable":true,"href":"https:\/\/www.europesays.com\/de\/wp-json\/wp\/v2\/media\/599123"}],"wp:attachment":[{"href":"https:\/\/www.europesays.com\/de\/wp-json\/wp\/v2\/media?parent=599122"}],"wp:term":[{"taxonomy":"category","embeddable":true,"href":"https:\/\/www.europesays.com\/de\/wp-json\/wp\/v2\/categories?post=599122"},{"taxonomy":"post_tag","embeddable":true,"href":"https:\/\/www.europesays.com\/de\/wp-json\/wp\/v2\/tags?post=599122"}],"curies":[{"name":"wp","href":"https:\/\/api.w.org\/{rel}","templated":true}]}}