{"id":599399,"date":"2025-11-24T19:17:16","date_gmt":"2025-11-24T19:17:16","guid":{"rendered":"https:\/\/www.europesays.com\/de\/599399\/"},"modified":"2025-11-24T19:17:16","modified_gmt":"2025-11-24T19:17:16","slug":"autoindustrie-belastet-andreas-babler-traf-lars-klingbeil-in-berlin","status":"publish","type":"post","link":"https:\/\/www.europesays.com\/de\/599399\/","title":{"rendered":"Autoindustrie belastet &#8211; Andreas Babler traf Lars Klingbeil in Berlin"},"content":{"rendered":"<p><strong>Mehr EU-Binnenmarkt, weniger Teuerung<\/strong><br \/>Babler betonte im Gespr\u00e4ch mit Klingbeil au\u00dferdem die schwierigen Zeiten der Sozialdemokraten und den Kampf gegen die Teuerung mit den drei gr\u00f6\u00dften Inflationstreibern Wohnen, Energie und Nahrungsmittel, wogegen Ma\u00dfnahmen umgesetzt werden m\u00fcssten. Au\u00dferdem pl\u00e4dierte er f\u00fcr einen verst\u00e4rkten Binnenmarkt und sprach mit seinem Amtskollegen dar\u00fcber, wie sich \u201eeurop\u00e4isch besser vernetzt werden k\u00f6nnte\u201c und dass \u201eder wichtigste Handelspartner Europas Europa ist\u201c.\u00a0<\/p>\n","protected":false},"excerpt":{"rendered":"Mehr EU-Binnenmarkt, weniger TeuerungBabler betonte im Gespr\u00e4ch mit Klingbeil au\u00dferdem die schwierigen Zeiten der Sozialdemokraten und den Kampf&hellip;\n","protected":false},"author":2,"featured_media":599400,"comment_status":"","ping_status":"","sticky":false,"template":"","format":"standard","meta":{"footnotes":""},"categories":[1825],"tags":[143226,143227,296,20051,29,30,776,143228,143229,15,1433,13344,38022,58210],"class_list":{"0":"post-599399","1":"post","2":"type-post","3":"status-publish","4":"format-standard","5":"has-post-thumbnail","7":"category-berlin","8":"tag-andreas-babler","9":"tag-bablers","10":"tag-berlin","11":"tag-deutschen","12":"tag-deutschland","13":"tag-germany","14":"tag-lars-klingbeil","15":"tag-markus-marterbauer","16":"tag-marterbauer","17":"tag-news","18":"tag-oesterreich","19":"tag-other","20":"tag-politics","21":"tag-vizekanzler"},"share_on_mastodon":{"url":"https:\/\/pubeurope.com\/@de\/115606286890075079","error":""},"_links":{"self":[{"href":"https:\/\/www.europesays.com\/de\/wp-json\/wp\/v2\/posts\/599399","targetHints":{"allow":["GET"]}}],"collection":[{"href":"https:\/\/www.europesays.com\/de\/wp-json\/wp\/v2\/posts"}],"about":[{"href":"https:\/\/www.europesays.com\/de\/wp-json\/wp\/v2\/types\/post"}],"author":[{"embeddable":true,"href":"https:\/\/www.europesays.com\/de\/wp-json\/wp\/v2\/users\/2"}],"replies":[{"embeddable":true,"href":"https:\/\/www.europesays.com\/de\/wp-json\/wp\/v2\/comments?post=599399"}],"version-history":[{"count":0,"href":"https:\/\/www.europesays.com\/de\/wp-json\/wp\/v2\/posts\/599399\/revisions"}],"wp:featuredmedia":[{"embeddable":true,"href":"https:\/\/www.europesays.com\/de\/wp-json\/wp\/v2\/media\/599400"}],"wp:attachment":[{"href":"https:\/\/www.europesays.com\/de\/wp-json\/wp\/v2\/media?parent=599399"}],"wp:term":[{"taxonomy":"category","embeddable":true,"href":"https:\/\/www.europesays.com\/de\/wp-json\/wp\/v2\/categories?post=599399"},{"taxonomy":"post_tag","embeddable":true,"href":"https:\/\/www.europesays.com\/de\/wp-json\/wp\/v2\/tags?post=599399"}],"curies":[{"name":"wp","href":"https:\/\/api.w.org\/{rel}","templated":true}]}}