{"id":599410,"date":"2025-11-24T19:24:19","date_gmt":"2025-11-24T19:24:19","guid":{"rendered":"https:\/\/www.europesays.com\/de\/599410\/"},"modified":"2025-11-24T19:24:19","modified_gmt":"2025-11-24T19:24:19","slug":"hugh-jackman-spricht-ueber-naechsten-wolverine-auftritt-im-mcu-kino-news","status":"publish","type":"post","link":"https:\/\/www.europesays.com\/de\/599410\/","title":{"rendered":"Hugh Jackman spricht \u00fcber n\u00e4chsten Wolverine-Auftritt im MCU &#8211; Kino News"},"content":{"rendered":"<p>Die Ger\u00fcchte, dass Wolverine in \u201eAvengers 5: Doomsday\u201c und \u201eAvengers 6: Secret Wars\u201c mitmischt, halten sich hartn\u00e4ckig. Jetzt \u00e4u\u00dferte sich auch Darsteller Hugh Jackman dazu.<\/p>\n<p>    <img loading=\"lazy\" decoding=\"async\" class=\"article-figure-img\" width=\"654\" height=\"368\" src=\"https:\/\/www.europesays.com\/de\/wp-content\/uploads\/2025\/11\/6aa5b686ef19e638cf669d56c2903f6c.jpg\"\/><\/p>\n<p>        Disney und seine verbundenen Unternehmen<\/p>\n<p class=\"bo-p\"><a href=\"https:\/\/www.filmstarts.de\/personen\/33385.html\" class=\"bo-link\" rel=\"nofollow noopener\" target=\"_blank\">Hugh Jackman<\/a> hatte bereits seinen Abschied von seiner Marvel-Rolle als Wolverine verk\u00fcndet. Nach \u201e<a href=\"https:\/\/www.filmstarts.de\/kritiken\/225116.html\" class=\"bo-link\" rel=\"nofollow noopener\" target=\"_blank\">Logan \u2013 The Wolverine<\/a>\u201c von 2017 war eigentlich Schluss. Doch dann \u00fcberredete ihn sein Kumpel Ryan Reynolds und Jackman kehrte 2024 mit \u201e<a href=\"https:\/\/www.filmstarts.de\/kritiken\/251633.html\" class=\"bo-link\" rel=\"nofollow noopener\" target=\"_blank\">Deadpool &amp; Wolverine<\/a>\u201c nicht nur ins Kino zur\u00fcck, sondern wurde sogar jetzt zum Bestandteil des MCU. Viele sind \u00fcberzeugt, dass es dort f\u00fcr ihn auch weitergeht.<\/p>\n<p class=\"bo-p\">Im kommenden \u201e<a href=\"https:\/\/www.filmstarts.de\/kritiken\/269068.html\" class=\"bo-link\" rel=\"nofollow noopener\" target=\"_blank\">Avengers 5: Doomsday<\/a>\u201c werden schlie\u00dflich die alten X-Men eine wichtige Rolle spielen. Da l\u00e4ge es nur logisch, wenn auch Wolverine auftritt. Best\u00e4tigt ist sein Mitwirken aber nicht. Wom\u00f6glich hat er in \u201eAvengers 5\u201c auch maximal einen kleinen Part. Sp\u00e4testens in \u201e<a href=\"https:\/\/www.filmstarts.de\/kritiken\/295478.html\" class=\"bo-link\" rel=\"nofollow noopener\" target=\"_blank\">Avengers 6: Secret Wars<\/a>\u201c d\u00fcrfte der aber gr\u00f6\u00dfer werden. Es ist kaum vorstellbar, dass das gro\u00dfe, zweiteilige Multiversums-Spektakel sich komplett ohne Jackman ereignen wird. Doch was sagt der Star selbst?<\/p>\n<p>Jackman will nie wieder &#8217;nie&#8216; zu Wolverine sagen!<\/p>\n<p class=\"bo-p\">Bei einem Auftritt in der Graham Norton Show versuchte der Gastgeber dem Schauspieler eine Antwort zu entlocken. Ganz erfolgreich war er nicht. <b>Ein \u201eVielleicht\u201c gepaar mit einem dicken Grinsen, bekam er immerhin als Antwort auf die Frage, ob Jackman noch mal Wolverine spielen muss.<\/b><\/p>\n<p class=\"bo-p\">Doch Jackson f\u00fchrte anschlie\u00dfend noch aus, dass er sich nicht mehr von der Rolle verabschieden wird: <b>\u201eIch werde nie wieder \u201anie\u201b sagen.<\/b> Ich habe es ernst gemeint, als ich \u201anie\u201b sagte, bis zu dem Tag, an dem ich meine Meinung \u00e4nderte. Aber ich habe es wirklich f\u00fcr einige Jahre ernst gemeint\u201c, blickte er so noch mal auf die Zeit zwischen \u201eLogan\u201c sowie \u201eDeadpool &amp; Wolverine\u201c zur\u00fcck, als weitere Auftritte ausschloss.<\/p>\n<p class=\"bo-p\">Ein wenig wundert sich Jackman nur, ob er \u00fcberhaupt in Zukunft noch gebraucht wird. Er habe die Rolle als Wolverine mittlerweile so oft gespielt, dass Marvel genug Material haben m\u00fcsste, um eine KI-Version von ihm f\u00fcr k\u00fcnftige Filme zu erstellen. Wom\u00f6glich adressiert Jackman damit auch kursierende Bilder, die ihm angeblich am \u201eAvengers 5\u201c-Set zeigen. Seit einer Weile machen n\u00e4mlich sehr realistisch anmutende Fotos von dem Star die Runde, die in Wirklichkeit aber mit KI erstellt wurde.<\/p>\n<p class=\"bo-p\">W\u00e4hrend wir weiterhin nicht wissen, ob Hugh Jackman bei den Dreharbeiten zu \u201eAvengers 5: Doomsday\u201c anwesend war, k\u00f6nnen wir mit Sicherheit sagen, dass sein neuer Film in den Startl\u00f6chern steht: <b>\u201e<\/b><a href=\"https:\/\/www.filmstarts.de\/kritiken\/1000013390.html\" class=\"bo-link\" rel=\"nofollow noopener\" target=\"_blank\"><b>Song Sung Blue<\/b><\/a><b>\u201c l\u00e4uft am 25. Dezember 2025 an<\/b> und ist ein unbedingt sehenswerter Musikfilm, bei dem man aber auch ein paar Taschent\u00fccher mitbringen sollte. Mehr dazu gibt es in unserer 4-Sterne-Kritik und nachfolgend haben wir auch noch den Trailer f\u00fcr euch:<\/p>\n","protected":false},"excerpt":{"rendered":"Die Ger\u00fcchte, dass Wolverine in \u201eAvengers 5: Doomsday\u201c und \u201eAvengers 6: Secret Wars\u201c mitmischt, halten sich hartn\u00e4ckig. Jetzt&hellip;\n","protected":false},"author":2,"featured_media":599411,"comment_status":"","ping_status":"","sticky":false,"template":"","format":"standard","meta":{"footnotes":""},"categories":[1771],"tags":[1778,29,214,30,95,1777,215],"class_list":{"0":"post-599410","1":"post","2":"type-post","3":"status-publish","4":"format-standard","5":"has-post-thumbnail","7":"category-kino","8":"tag-cinema","9":"tag-deutschland","10":"tag-entertainment","11":"tag-germany","12":"tag-kino","13":"tag-movie","14":"tag-unterhaltung"},"share_on_mastodon":{"url":"https:\/\/pubeurope.com\/@de\/115606316189869350","error":""},"_links":{"self":[{"href":"https:\/\/www.europesays.com\/de\/wp-json\/wp\/v2\/posts\/599410","targetHints":{"allow":["GET"]}}],"collection":[{"href":"https:\/\/www.europesays.com\/de\/wp-json\/wp\/v2\/posts"}],"about":[{"href":"https:\/\/www.europesays.com\/de\/wp-json\/wp\/v2\/types\/post"}],"author":[{"embeddable":true,"href":"https:\/\/www.europesays.com\/de\/wp-json\/wp\/v2\/users\/2"}],"replies":[{"embeddable":true,"href":"https:\/\/www.europesays.com\/de\/wp-json\/wp\/v2\/comments?post=599410"}],"version-history":[{"count":0,"href":"https:\/\/www.europesays.com\/de\/wp-json\/wp\/v2\/posts\/599410\/revisions"}],"wp:featuredmedia":[{"embeddable":true,"href":"https:\/\/www.europesays.com\/de\/wp-json\/wp\/v2\/media\/599411"}],"wp:attachment":[{"href":"https:\/\/www.europesays.com\/de\/wp-json\/wp\/v2\/media?parent=599410"}],"wp:term":[{"taxonomy":"category","embeddable":true,"href":"https:\/\/www.europesays.com\/de\/wp-json\/wp\/v2\/categories?post=599410"},{"taxonomy":"post_tag","embeddable":true,"href":"https:\/\/www.europesays.com\/de\/wp-json\/wp\/v2\/tags?post=599410"}],"curies":[{"name":"wp","href":"https:\/\/api.w.org\/{rel}","templated":true}]}}