{"id":599430,"date":"2025-11-24T19:37:22","date_gmt":"2025-11-24T19:37:22","guid":{"rendered":"https:\/\/www.europesays.com\/de\/599430\/"},"modified":"2025-11-24T19:37:22","modified_gmt":"2025-11-24T19:37:22","slug":"darum-leuchten-viele-gebaeude-in-kiel-heute-orange","status":"publish","type":"post","link":"https:\/\/www.europesays.com\/de\/599430\/","title":{"rendered":"Darum leuchten viele Geb\u00e4ude in Kiel heute orange"},"content":{"rendered":"<p class=\"Textstyled__Text-sc-1cqv9mi-0 cLyiiX\">Kiel. Da ist dieses M\u00e4dchen, das mit blauen Flecken in die Schule kommt. Vielleicht ist es wirklich nur hingefallen. Doch was, wenn mehr dahinter steckt? Michaela Peschel und Esra Yozgatli vom M\u00e4dchenhaus Kiel haben einen dringenden Appell: \u201eDie Gesellschaft muss sensibler werden, Anzeichen von Gewalt erkennen, ein mulmiges Gef\u00fchl ernst nehmen und hingucken.\u201c <\/p>\n<p>Weiterlesen nach der Anzeige<\/p>\n<p>Weiterlesen nach der Anzeige<\/p>\n<p class=\"Textstyled__Text-sc-1cqv9mi-0 cLyiiX\">Ein misshandeltes M\u00e4dchen k\u00f6nne bis zu acht Anl\u00e4ufe ben\u00f6tigen, bevor es sich der richtigen Person anvertraue. Diese eine Person, die zuh\u00f6rt \u2013 und hilft. Oder Hilfe vermittelt.<\/p>\n<p>M\u00e4dchenhaus Kiel: Internationaler Tag gegen Gewalt an Frauen 2025 \u201ewichtig\u201c<\/p>\n<p class=\"Textstyled__Text-sc-1cqv9mi-0 cLyiiX\">Anlass f\u00fcr diesen Appell aus dem M\u00e4dchenhaus Kiel ist der <a href=\"https:\/\/www.kn-online.de\/politik\/gewalt-gegen-frauen-nimmt-in-deutschland-weiter-zu-bka-meldet-neuen-hoechststand-NDWODX3EEZH5VOXXINA7HD4AYQ.html\" target=\"_self\" rel=\"nofollow noopener\" title=\"https:\/\/www.kn-online.de\/politik\/gewalt-gegen-frauen-nimmt-in-deutschland-weiter-zu-bka-meldet-neuen-hoechststand-NDWODX3EEZH5VOXXINA7HD4AYQ.html\" data-vars-event-category=\"intext_link\" data-vars-event-action=\"click\" data-vars-event-label=\"https:\/\/www.kn-online.de\/politik\/gewalt-gegen-frauen-nimmt-in-deutschland-weiter-zu-bka-meldet-neuen-hoechststand-NDWODX3EEZH5VOXXINA7HD4AYQ.html\">internationale Tag gegen Gewalt an Frauen am 25. November 2025<\/a>. Und der sei nach wie vor \u201ewichtig\u201c, betonen Peschel und Yozgatli. Er sorge f\u00fcr die Aufmerksamkeit gegen\u00fcber der Gewalt, die sich gegen M\u00e4dchen und Frauen richtet. <\/p>\n<p>Weiterlesen nach der Anzeige<\/p>\n<p>Weiterlesen nach der Anzeige<\/p>\n<p class=\"Textstyled__Text-sc-1cqv9mi-0 cLyiiX\">Damit meinen die Expertinnen aus Kiel nicht nur k\u00f6rperliche Gewalt oder sexuellen Missbrauch. \u201eWenn Eltern ihrer Tochter immer wieder zu verstehen geben, sie sei nichts Wert, dann ist das psychische Gewalt\u201c, sagt Michaela Peschel (63), Gesch\u00e4ftsf\u00fchrerin des Vereins Lotta, Tr\u00e4ger des M\u00e4dchenhauses in <a href=\"https:\/\/www.kn-online.de\/lokales\/kiel\/\" target=\"_self\" rel=\"nofollow noopener\" title=\"https:\/\/www.kn-online.de\/lokales\/kiel\/\" data-vars-event-category=\"intext_link\" data-vars-event-action=\"click\" data-vars-event-label=\"https:\/\/www.kn-online.de\/lokales\/kiel\/\">Kiel<\/a>. Mindestens genauso schlimm wie Schl\u00e4ge seien S\u00e4tze wie \u201edich wollte ich nicht\u201c oder \u201edu bist zu dumm\u201c. S\u00e4tze, die Peschel schon zu Ohren kamen.<\/p>\n<p class=\"Textstyled__Text-sc-1cqv9mi-0 cLyiiX\">\u201eGewalt macht auf Dauer krank\u201c, sagt Peschel. \u201eDer K\u00f6rper ist immer in Alarmbereitschaft.\u201c Autoimmunerkrankungen, Krebs oder Herzkrankheiten k\u00f6nnten die Folge sein. Auch die psychischen Folgen seien nicht zu untersch\u00e4tzen.<\/p>\n<p>\u201eEntwurzelte M\u00e4dchen, denen der Halt fehlt\u201c<\/p>\n<p class=\"Textstyled__Text-sc-1cqv9mi-0 cLyiiX\">\u201eEs sind entwurzelte M\u00e4dchen, denen der Halt fehlt\u201c, berichtet Peschel. Die Suche nach Best\u00e4tigung mache sie anf\u00e4llig f\u00fcr Menschen, die dies ausnutzen wollten. \u201e<a href=\"https:\/\/www.kn-online.de\/panorama\/vorsicht-vor-loverboys-lka-warnt-mit-video-in-sozialen-netzwerken-C7L5NJUVAMGILHWHMDGZDQS24Q.html\" target=\"_self\" rel=\"nofollow noopener\" title=\"https:\/\/www.kn-online.de\/panorama\/vorsicht-vor-loverboys-lka-warnt-mit-video-in-sozialen-netzwerken-C7L5NJUVAMGILHWHMDGZDQS24Q.html\" data-vars-event-category=\"intext_link\" data-vars-event-action=\"click\" data-vars-event-label=\"https:\/\/www.kn-online.de\/panorama\/vorsicht-vor-loverboys-lka-warnt-mit-video-in-sozialen-netzwerken-C7L5NJUVAMGILHWHMDGZDQS24Q.html\">Loverboys<\/a>, die Liebe versprechen, sie in ihre Wohnung locken, Nacktfotos machen und sie damit erpressen und sie sogar auf den Strich schicken \u2013 so etwas passiert.&#8220; <\/p>\n<p class=\"Textstyled__Text-sc-1cqv9mi-0 cLyiiX\">Sie erinnert sich an einen Fall um <a href=\"https:\/\/www.kn-online.de\/lokales\/segeberg\/wahlstedt-praeventiver-erlebnis-parcours-zum-thema-sexualisierte-gewalt-MBOUYWO3G5FYXBP3NRA5CJKWSI.html\" target=\"_self\" rel=\"nofollow noopener\" title=\"https:\/\/www.kn-online.de\/lokales\/segeberg\/wahlstedt-praeventiver-erlebnis-parcours-zum-thema-sexualisierte-gewalt-MBOUYWO3G5FYXBP3NRA5CJKWSI.html\" data-vars-event-category=\"intext_link\" data-vars-event-action=\"click\" data-vars-event-label=\"https:\/\/www.kn-online.de\/lokales\/segeberg\/wahlstedt-praeventiver-erlebnis-parcours-zum-thema-sexualisierte-gewalt-MBOUYWO3G5FYXBP3NRA5CJKWSI.html\">sexualisierte Gewalt<\/a> in der Familie. Mehrere Gespr\u00e4che mit einer 15-J\u00e4hrigen seien notwendig gewesen, bis sie verstand, dass sie etwas zu gewinnen habe: \u201eSie hatte solche Angst, die Familie zu verlassen.\u201c Es sei ihre Aufgabe, die M\u00e4dchen auch bei schmerzhaften Schritten zu unterst\u00fctzen. <\/p>\n<p class=\"Textstyled__Text-sc-1cqv9mi-0 cLyiiX\">Grunds\u00e4tzlich gehe es nicht um Einzelf\u00e4lle: \u201eEs hat Struktur\u201c, sagt Peschel. \u201eUnsere Bedingungen f\u00fchren dazu, dass <a href=\"https:\/\/www.kn-online.de\/lokales\/ploen\/frau-aus-kreis-ploen-ueber-haeusliche-gewalt-es-war-von-ihm-terror-jeden-tag-3WLNAVYILJDXZGB6GQSQVSWL3Q.html\" target=\"_self\" rel=\"nofollow noopener\" title=\"https:\/\/www.kn-online.de\/lokales\/ploen\/frau-aus-kreis-ploen-ueber-haeusliche-gewalt-es-war-von-ihm-terror-jeden-tag-3WLNAVYILJDXZGB6GQSQVSWL3Q.html\" data-vars-event-category=\"intext_link\" data-vars-event-action=\"click\" data-vars-event-label=\"https:\/\/www.kn-online.de\/lokales\/ploen\/frau-aus-kreis-ploen-ueber-haeusliche-gewalt-es-war-von-ihm-terror-jeden-tag-3WLNAVYILJDXZGB6GQSQVSWL3Q.html\">Frauen nach wie vor h\u00e4ufiger h\u00e4usliche und sexuelle Gewalt erleben<\/a> als M\u00e4nner\u201c \u2013 sie meint patriarchalische Bedingungen, mangelnde Gleichberechtigung. <\/p>\n<p>Weiterlesen nach der Anzeige<\/p>\n<p>Weiterlesen nach der Anzeige<\/p>\n<p class=\"Textstyled__Text-sc-1cqv9mi-0 cLyiiX\">Im Bereich partnerschaftlicher, auch <a href=\"https:\/\/www.kn-online.de\/lokales\/segeberg\/schackendorf-kommentar-zum-femizid-an-silke-e-Q7MG5NRVGNGMNLGY2M54JIBDAY.html\" target=\"_self\" rel=\"nofollow noopener\" title=\"https:\/\/www.kn-online.de\/lokales\/segeberg\/schackendorf-kommentar-zum-femizid-an-silke-e-Q7MG5NRVGNGMNLGY2M54JIBDAY.html\" data-vars-event-category=\"intext_link\" data-vars-event-action=\"click\" data-vars-event-label=\"https:\/\/www.kn-online.de\/lokales\/segeberg\/schackendorf-kommentar-zum-femizid-an-silke-e-Q7MG5NRVGNGMNLGY2M54JIBDAY.html\">t\u00f6dlicher Gewalt gegen Frauen (Femizide)<\/a> sieht sie die Haltung, einen bestimmten Besitzanspruch gegen\u00fcber einer Frau zu haben. \u201eNach wie vor gibt es auch eine finanzielle Abh\u00e4ngigkeit von M\u00e4nnern\u201c, erg\u00e4nzt Fachleitung Esra Yozgatli (48). F\u00fcr Betroffene sei es schwieriger, sich zu l\u00f6sen. Eine weitere Form der Gewalt habe deutlich zugenommen: \u201eDigitale Gewalt ist ein Riesen-Thema\u201c \u2013 Mobbing und Bedrohungen im Internet. <\/p>\n<p><img decoding=\"async\" alt=\"Esra Yozgatli (links), Fachleitung im M\u00e4dchenhaus\u00a0Kiel und Michaela Peschel, Gesch\u00e4ftsf\u00fchrerin Lotta e.V. , vor dem autonomen M\u00e4dchenhaus in Kiel.\" loading=\"lazy\"  src=\"https:\/\/www.europesays.com\/de\/wp-content\/uploads\/2025\/11\/CQHW6JXTNNA3ZGPSMQX4ECVWKM.jpg\" \/><\/p>\n<p class=\"Textstyled__Text-sc-1cqv9mi-0 cLyiiX\">Sorge macht Peschel, dass die psychische Belastung erheblich gewachsen sei. M\u00e4dchen zeigten mehr als fr\u00fcher selbstverletzendes Verhalten, <a href=\"https:\/\/www.kn-online.de\/gesundheit\/essstoerungen-bei-jungen-frauen-behandlungen-im-krankenhaus-seit-2003-verdoppelt-HYBGQ5NNAVP6VLVAFAMP7NSDYY.html\" target=\"_self\" rel=\"nofollow noopener\" title=\"https:\/\/www.kn-online.de\/gesundheit\/essstoerungen-bei-jungen-frauen-behandlungen-im-krankenhaus-seit-2003-verdoppelt-HYBGQ5NNAVP6VLVAFAMP7NSDYY.html\" data-vars-event-category=\"intext_link\" data-vars-event-action=\"click\" data-vars-event-label=\"https:\/\/www.kn-online.de\/gesundheit\/essstoerungen-bei-jungen-frauen-behandlungen-im-krankenhaus-seit-2003-verdoppelt-HYBGQ5NNAVP6VLVAFAMP7NSDYY.html\">Essst\u00f6rungen<\/a> oder einen problematischen Konsum von Alkohol oder Drogen. Sie k\u00e4men aus allen gesellschaftlichen Schichten.<\/p>\n<p class=\"Textstyled__Text-sc-1cqv9mi-0 cLyiiX\">Fachleitung Esra Yozgatli (48) spricht auch von \u201eSystemsprengern\u201c, die in der Zufluchtst\u00e4tte im<a href=\"https:\/\/www.kn-online.de\/lokales\/kiel\/6100-euro-fuers-maedchenhaus-brachten-die-huete-von-heide-simonis-in-kiel-XZLMU34QUZAOZFIRYCWB7HHIKY.html\" target=\"_self\" rel=\"nofollow noopener\" title=\"https:\/\/www.kn-online.de\/lokales\/kiel\/6100-euro-fuers-maedchenhaus-brachten-die-huete-von-heide-simonis-in-kiel-XZLMU34QUZAOZFIRYCWB7HHIKY.html\" data-vars-event-category=\"intext_link\" data-vars-event-action=\"click\" data-vars-event-label=\"https:\/\/www.kn-online.de\/lokales\/kiel\/6100-euro-fuers-maedchenhaus-brachten-die-huete-von-heide-simonis-in-kiel-XZLMU34QUZAOZFIRYCWB7HHIKY.html\"> M\u00e4dchenhaus Kiel<\/a> einen \u201esicheren Hafen\u201c f\u00e4nden: \u201eEs ist ein Kampf, denen zu zeigen, wir halten auch Beleidigungen aus, weil sie sonst im System wegrutschen w\u00fcrden.\u201c <\/p>\n<blockquote><p>Wenn Eltern ihrer Tochter immer wieder zu verstehen geben, sie sei nichts Wert, dann ist das psychische Gewalt.<\/p><\/blockquote>\n<p class=\"Quotestyled__Author-sc-q277fq-1 iQZobn\">Michaela Peschel<\/p>\n<p class=\"Quotestyled__AuthorDescription-sc-q277fq-2 hQAqgn\">Autonomes M\u00e4dchenhaus Kiel<\/p>\n<p class=\"Textstyled__Text-sc-1cqv9mi-0 cLyiiX\">Gerade f\u00fcr diese M\u00e4dchen werde es immer schwieriger, eine Folgeunterbringung zu finden. Auch die <a href=\"https:\/\/www.kn-online.de\/lokales\/kiel\/wohnungsnot-in-kiel-spitzt-sich-zu-so-finden-studierende-trotzdem-ein-zimmer-zum-semesterstart-W2MNPFPHBNBHHMT4RAPHAN2IKI.html\" target=\"_self\" rel=\"nofollow noopener\" title=\"https:\/\/www.kn-online.de\/lokales\/kiel\/wohnungsnot-in-kiel-spitzt-sich-zu-so-finden-studierende-trotzdem-ein-zimmer-zum-semesterstart-W2MNPFPHBNBHHMT4RAPHAN2IKI.html\" data-vars-event-category=\"intext_link\" data-vars-event-action=\"click\" data-vars-event-label=\"https:\/\/www.kn-online.de\/lokales\/kiel\/wohnungsnot-in-kiel-spitzt-sich-zu-so-finden-studierende-trotzdem-ein-zimmer-zum-semesterstart-W2MNPFPHBNBHHMT4RAPHAN2IKI.html\">Wohnungsnot in Kiel<\/a> mache sich bemerkbar. So m\u00fcssten einige l\u00e4nger im M\u00e4dchenhaus bleiben. Das f\u00fchre mitunter zu weniger freien Pl\u00e4tzen. W\u00e4hrend 2024 nur 45 M\u00e4dchen in der Zufluchtst\u00e4tte aufgenommen wurden, habe sich die Lage 2025 etwas gebessert. Bislang hat das Team um Mitgr\u00fcnderin Peschel 66 M\u00e4dchen in Not Unterschlupf geboten.<\/p>\n<p>Weiterlesen nach der Anzeige<\/p>\n<p>Weiterlesen nach der Anzeige<\/p>\n<p>Signal gegen Gewalt an Frauen: Geb\u00e4ude in Kiel leuchten orange<\/p>\n<p class=\"Textstyled__Text-sc-1cqv9mi-0 cLyiiX\">Als Signal gegen geschlechtsbezogene Gewalt leuchten am Dienstag mehrere bekannte Geb\u00e4ude in Kiel orange. Hintergrund ist die UN-Kampagne <a href=\"https:\/\/www.kn-online.de\/schleswig-holstein\/orange-day-2023-frauen-aus-sh-rufen-wenden-sich-gegen-gewalt-ZTJMY5PGDJCKNGRMYOOMPK4OMA.html\" target=\"_self\" rel=\"nofollow noopener\" title=\"https:\/\/www.kn-online.de\/schleswig-holstein\/orange-day-2023-frauen-aus-sh-rufen-wenden-sich-gegen-gewalt-ZTJMY5PGDJCKNGRMYOOMPK4OMA.html\" data-vars-event-category=\"intext_link\" data-vars-event-action=\"click\" data-vars-event-label=\"https:\/\/www.kn-online.de\/schleswig-holstein\/orange-day-2023-frauen-aus-sh-rufen-wenden-sich-gegen-gewalt-ZTJMY5PGDJCKNGRMYOOMPK4OMA.html\">\u201eOrange the World\u201d<\/a>, die in jedem Jahr zwischen 25. November und 10. Dezember ein Zeichen setzt. Zum siebten Mal hat deshalb der Zonta Club Kiel dazu aufgerufen, sich an der Beleuchtungsaktion zu beteiligen. <\/p>\n<p class=\"Textstyled__Text-sc-1cqv9mi-0 cLyiiX\">Nicht nur das UKSH Kiel, der Landesverband des DRK, die Investitionsbank (IBSH), GMSH sowie das Theater Kiel, Seehafen Kiel und die Wankendorfer Baugenossenschaft lassen ihre Geb\u00e4ude in der Farbe leuchten. Auch die Kieler Nachrichten lassen das Laufband am <a href=\"https:\/\/www.kn-online.de\/lokales\/kiel\/supermarkt-go-asia-eroeffnet-in-kiel-naechster-asiatischer-markt-in-holstenstrasse-7FFVCFI36VESDN7DYRHRZGRWYU.html\" target=\"_self\" rel=\"nofollow noopener\" title=\"https:\/\/www.kn-online.de\/lokales\/kiel\/supermarkt-go-asia-eroeffnet-in-kiel-naechster-asiatischer-markt-in-holstenstrasse-7FFVCFI36VESDN7DYRHRZGRWYU.html\" data-vars-event-category=\"intext_link\" data-vars-event-action=\"click\" data-vars-event-label=\"https:\/\/www.kn-online.de\/lokales\/kiel\/supermarkt-go-asia-eroeffnet-in-kiel-naechster-asiatischer-markt-in-holstenstrasse-7FFVCFI36VESDN7DYRHRZGRWYU.html\">Asmus-Bremer-Platz<\/a> nachmittags in kr\u00e4ftigem Orange strahlen. <\/p>\n<p class=\"Textstyled__Text-sc-1cqv9mi-0 cLyiiX\">Zudem startet am Dienstag um 14 Uhr wieder die j\u00e4hrliche Initiative \u201eGewalt kommt nicht in die T\u00fcte\u201d, auch als Br\u00f6tchent\u00fctenaktion bekannt, im Citti Park Kiel. An der Aktion des Kieler Verbunds der autonomen Frauen- und M\u00e4dchenfacheinrichtungen beteiligen sich Vertreterinnen und Vertreter aus Facheinrichtungen, Gesellschaft und Politik.<\/p>\n<p class=\"Editorialstyled__Editorial-sc-1bfvh9l-0 cSmjnJ\">KN<\/p>\n","protected":false},"excerpt":{"rendered":"Kiel. Da ist dieses M\u00e4dchen, das mit blauen Flecken in die Schule kommt. Vielleicht ist es wirklich nur&hellip;\n","protected":false},"author":2,"featured_media":599431,"comment_status":"","ping_status":"","sticky":false,"template":"","format":"standard","meta":{"footnotes":""},"categories":[1852],"tags":[3364,29,548,663,3934,30,13,4949,14,15,12,1971],"class_list":{"0":"post-599430","1":"post","2":"type-post","3":"status-publish","4":"format-standard","5":"has-post-thumbnail","7":"category-kiel","8":"tag-de","9":"tag-deutschland","10":"tag-eu","11":"tag-europa","12":"tag-europe","13":"tag-germany","14":"tag-headlines","15":"tag-kiel","16":"tag-nachrichten","17":"tag-news","18":"tag-schlagzeilen","19":"tag-schleswig-holstein"},"share_on_mastodon":{"url":"https:\/\/pubeurope.com\/@de\/115606366154299571","error":""},"_links":{"self":[{"href":"https:\/\/www.europesays.com\/de\/wp-json\/wp\/v2\/posts\/599430","targetHints":{"allow":["GET"]}}],"collection":[{"href":"https:\/\/www.europesays.com\/de\/wp-json\/wp\/v2\/posts"}],"about":[{"href":"https:\/\/www.europesays.com\/de\/wp-json\/wp\/v2\/types\/post"}],"author":[{"embeddable":true,"href":"https:\/\/www.europesays.com\/de\/wp-json\/wp\/v2\/users\/2"}],"replies":[{"embeddable":true,"href":"https:\/\/www.europesays.com\/de\/wp-json\/wp\/v2\/comments?post=599430"}],"version-history":[{"count":0,"href":"https:\/\/www.europesays.com\/de\/wp-json\/wp\/v2\/posts\/599430\/revisions"}],"wp:featuredmedia":[{"embeddable":true,"href":"https:\/\/www.europesays.com\/de\/wp-json\/wp\/v2\/media\/599431"}],"wp:attachment":[{"href":"https:\/\/www.europesays.com\/de\/wp-json\/wp\/v2\/media?parent=599430"}],"wp:term":[{"taxonomy":"category","embeddable":true,"href":"https:\/\/www.europesays.com\/de\/wp-json\/wp\/v2\/categories?post=599430"},{"taxonomy":"post_tag","embeddable":true,"href":"https:\/\/www.europesays.com\/de\/wp-json\/wp\/v2\/tags?post=599430"}],"curies":[{"name":"wp","href":"https:\/\/api.w.org\/{rel}","templated":true}]}}