{"id":599470,"date":"2025-11-24T19:58:17","date_gmt":"2025-11-24T19:58:17","guid":{"rendered":"https:\/\/www.europesays.com\/de\/599470\/"},"modified":"2025-11-24T19:58:17","modified_gmt":"2025-11-24T19:58:17","slug":"the-darkness-haben-ihre-groesste-uk-arena-tour-seit-20-jahren-angekuendigt","status":"publish","type":"post","link":"https:\/\/www.europesays.com\/de\/599470\/","title":{"rendered":"The Darkness haben ihre gr\u00f6\u00dfte UK-Arena-Tour seit 20 Jahren angek\u00fcndigt"},"content":{"rendered":"<p>\t\t\t\t\t\t\t\t\t\t\t\t\t\t\t\t\t\t\t\t\t\t<img loading=\"lazy\" decoding=\"async\" src=\"data:image\/svg+xml,%3Csvg%20xmlns=\" http:=\"\" class=\"img-fluid\" alt=\"The Darkness bei einem Live-Auftritt im Jahr 2025\" width=\"1024\" height=\"683\" data-lazy-src=\"https:\/\/www.europesays.com\/de\/wp-content\/uploads\/2025\/11\/The-Darkness-1024x683.jpg\"\/><br \/>\n\t\t\t\t\t\t\t\t\t\t\t\t\t\t\t\t\t\t\t\t\t\tFoto von Ben Whitley &#8211; WPA Pool\/Getty Images<\/p>\n<p>    Save<\/p>\n<p><strong>The Darkness<\/strong> haben f\u00fcr Ende 2026 eine gro\u00dfe Arena-Tournee angek\u00fcndigt, die ihre gr\u00f6\u00dften Headline-Shows in Gro\u00dfbritannien seit 20 Jahren markieren wird. P\u00fcnktlich zu Weihnachten \u2013 und damit zur Einstimmung auf eine Performance ihres Songs Christmas Time (Don\u2019t Let The Bell\u2019s End) \u2013 werden The Darkness <strong>am 16. Dezember 2026 im The O2 in London<\/strong> auftreten.<\/p>\n<p>Ihre Tour tr\u00e4gt den Titel <strong>\u201eBand Of Brothers Arena Tour\u201c<\/strong> und wird The Darkness auch in <a href=\"https:\/\/secretglasgow.com\/\" rel=\"follow noopener\" target=\"_blank\" class=\"shortcode-outbound-link\" data-has-ga=\"true\" data-ga-type=\"click\" data-label=\"https:\/\/secretglasgow.com\/\" data-action=\"text_cta_0\" data-category=\"click_cross\">Glasgow<\/a>, Leeds, <a href=\"https:\/\/secretmanchester.com\/\" rel=\"follow noopener\" target=\"_blank\" class=\"shortcode-outbound-link\" data-has-ga=\"true\" data-ga-type=\"click\" data-label=\"https:\/\/secretmanchester.com\/\" data-action=\"text_cta_1\" data-category=\"click_cross\">Manchester<\/a>, <a href=\"https:\/\/secretbirmingham.com\/\" rel=\"follow noopener\" target=\"_blank\" class=\"shortcode-outbound-link\" data-has-ga=\"true\" data-ga-type=\"click\" data-label=\"https:\/\/secretbirmingham.com\/\" data-action=\"text_cta_2\" data-category=\"click_cross\">Birmingham<\/a>, Cardiff und Brighton auftreten lassen, mit Unterst\u00fctzung der <strong>Br\u00fcder Osborne<\/strong> und <strong>A<\/strong> bei allen Terminen.<\/p>\n<blockquote class=\"instagram-media\" data-instgrm-permalink=\"https:\/\/www.instagram.com\/p\/DRRi3AekdUS\/?utm_source=ig_embed&amp;utm_campaign=loading\" data-instgrm-version=\"14\" style=\" background:#FFF; border:0; border-radius:3px; box-shadow:0 0 1px 0 rgba(0,0,0,0.5),0 1px 10px 0 rgba(0,0,0,0.15); margin: 1px; max-width:540px; min-width:326px; padding:0; width:99.375%; width:-webkit-calc(100% - 2px); width:calc(100% - 2px);\"><\/blockquote>\n<p>Credit: @thedarkness, via IG<\/p>\n<p>The Darkness k\u00fcndigten die Neuigkeiten auf ihrer Instagram-Seite an: \u201eKraftvoller Rock wurde entworfen, um in riesigen rechteckigen Geb\u00e4uden gespielt zu werden. Riesige rechteckige Geb\u00e4ude wurden entworfen, um kraftvolle Rockbands zu beherbergen. The Darkness sind eine kraftvolle Rockband und die oben aufgef\u00fchrten Arenen sind riesige rechteckige Geb\u00e4ude. Abgesehen von der Ausnahme, die die Regel best\u00e4tigt. Danke, O2 Arena\u2026<\/p>\n<p>\u201eWir freuen uns, unsere Arena-Tournee 2026 ank\u00fcndigen zu k\u00f6nnen, bei der wir von den Br\u00fcdern Obsorne und A begleitet werden \u2013 eine echte Band of Brothers! Rocken in einem riesigen rechteckigen (oder gew\u00f6lbten) Geb\u00e4ude \u2013 was k\u00f6nnte m\u00e4chtiger sein als das?\u201c<\/p>\n<p>Es folgt eine gro\u00dfe Sommershow f\u00fcr The Darkness, die eine der Vorgruppen f\u00fcr Iron Maidens gro\u00dfe Show in Knebworth am <strong>11. Juli 2026<\/strong> sind, auf einer Liste, auf der auch <strong>The Hu<\/strong>, <strong>Airbourne<\/strong> und <strong>The Almighty<\/strong> stehen.<\/p>\n<p> Wie man Tickets f\u00fcr The Darkness bekommt <\/p>\n<p> Die Tickets f\u00fcr <strong>The Darkness<\/strong> gehen Ende dieser Woche, am <strong>Freitag, den 28. November um 10 Uhr<\/strong>, in den allgemeinen Verkauf und sind bei Ticketmaster erh\u00e4ltlich. Au\u00dferdem findet am Mittwoch, den 26. November ab 10 Uhr ein K\u00fcnstler-Vorverkauf statt, zu dem ihr Zugang erhaltet, wenn ihr euch <a href=\"https:\/\/linktr.ee\/thedarknessofficial\" rel=\"nofollow noopener\" target=\"_blank\" class=\"shortcode-outbound-link\" data-has-ga=\"true\" data-ga-type=\"click\" data-label=\"https:\/\/linktr.ee\/thedarknessofficial\" data-action=\"text_cta_3\" data-category=\"click_non_sales\">hier<\/a> in die Mailingliste der Band eintragt. Unabh\u00e4ngig davon wird es auch einen Vorverkauf f\u00fcr die Show in London \u00fcber Ticketmaster geben.<\/p>\n<p> The Darkness UK-Arena-Termine 2026 <\/p>\n<p> 8. Dezember \u2013 Glasgow, OVO Hydro<br \/>9. Dezember \u2013 Leeds, First Direct Bank Arena<br \/>11. Dezember \u2013 Manchester, AO Arena<br \/>12. Dezember \u2013 Birmingham, Utilita Arena<br \/>13. Dezember \u2013 Cardiff, Utilita Arena<br \/>15. Dezember \u2013 Brighton, Brighton Centre<br \/><strong>16. Dezember \u2013 London, The O2<\/strong><\/p>\n<p>Tickets f\u00fcr The Darkness gehen diese Woche am Freitag, den 28. November um 10 Uhr in den allgemeinen Verkauf und sind <a href=\"https:\/\/www.ticketmaster.co.uk\/the-darkness-tickets\/artist\/890404\" rel=\"follow noopener\" target=\"_blank\" class=\"shortcode-outbound-link\" data-has-ga=\"true\" data-ga-type=\"click\" data-label=\"https:\/\/www.ticketmaster.co.uk\/the-darkness-tickets\/artist\/890404\" data-action=\"text_cta_4\" data-tracked=\"1\" data-category=\"click_sales\" data-cp_smn_source=\"secretldn\" data-cp_smn_content=\"the-darkness-uk-arena-tour-london-2026-de\" data-cp_smn_term=\"text_cta_4\">hier<\/a> zu finden. Es wird auch einen Vorverkauf geben, zu dem ihr oben Informationen finden k\u00f6nnt. <\/p>\n<p>\t\t\t\t<script async src=\"\/\/www.instagram.com\/embed.js\"><\/script><\/p>\n","protected":false},"excerpt":{"rendered":"Foto von Ben Whitley &#8211; WPA Pool\/Getty Images Save The Darkness haben f\u00fcr Ende 2026 eine gro\u00dfe Arena-Tournee&hellip;\n","protected":false},"author":2,"featured_media":599471,"comment_status":"","ping_status":"","sticky":false,"template":"","format":"standard","meta":{"footnotes":""},"categories":[3976],"tags":[331,332,19550,143241,13,14,15,546,12,3992,3993,3994,3995,3996,3997,4951],"class_list":{"0":"post-599470","1":"post","2":"type-post","3":"status-publish","4":"format-standard","5":"has-post-thumbnail","7":"category-vereinigtes-koenigreich","8":"tag-aktuelle-nachrichten","9":"tag-aktuelle-news","10":"tag-big-concert","11":"tag-christmas","12":"tag-headlines","13":"tag-nachrichten","14":"tag-news","15":"tag-rock","16":"tag-schlagzeilen","17":"tag-uk","18":"tag-united-kingdom","19":"tag-united-kingdom-of-great-britain-and-northern-ireland","20":"tag-vereinigtes-koenigreich","21":"tag-vereinigtes-koenigreich-grossbritannien-und-nordirland","22":"tag-vereinigtes-koenigreich-von-grossbritannien-und-nordirland","23":"tag-winter"},"share_on_mastodon":{"url":"https:\/\/pubeurope.com\/@de\/115606448045987530","error":""},"_links":{"self":[{"href":"https:\/\/www.europesays.com\/de\/wp-json\/wp\/v2\/posts\/599470","targetHints":{"allow":["GET"]}}],"collection":[{"href":"https:\/\/www.europesays.com\/de\/wp-json\/wp\/v2\/posts"}],"about":[{"href":"https:\/\/www.europesays.com\/de\/wp-json\/wp\/v2\/types\/post"}],"author":[{"embeddable":true,"href":"https:\/\/www.europesays.com\/de\/wp-json\/wp\/v2\/users\/2"}],"replies":[{"embeddable":true,"href":"https:\/\/www.europesays.com\/de\/wp-json\/wp\/v2\/comments?post=599470"}],"version-history":[{"count":0,"href":"https:\/\/www.europesays.com\/de\/wp-json\/wp\/v2\/posts\/599470\/revisions"}],"wp:featuredmedia":[{"embeddable":true,"href":"https:\/\/www.europesays.com\/de\/wp-json\/wp\/v2\/media\/599471"}],"wp:attachment":[{"href":"https:\/\/www.europesays.com\/de\/wp-json\/wp\/v2\/media?parent=599470"}],"wp:term":[{"taxonomy":"category","embeddable":true,"href":"https:\/\/www.europesays.com\/de\/wp-json\/wp\/v2\/categories?post=599470"},{"taxonomy":"post_tag","embeddable":true,"href":"https:\/\/www.europesays.com\/de\/wp-json\/wp\/v2\/tags?post=599470"}],"curies":[{"name":"wp","href":"https:\/\/api.w.org\/{rel}","templated":true}]}}