{"id":599572,"date":"2025-11-24T20:56:16","date_gmt":"2025-11-24T20:56:16","guid":{"rendered":"https:\/\/www.europesays.com\/de\/599572\/"},"modified":"2025-11-24T20:56:16","modified_gmt":"2025-11-24T20:56:16","slug":"bundesrichter-weist-klagen-gegen-james-comey-und-letitia-james-ab","status":"publish","type":"post","link":"https:\/\/www.europesays.com\/de\/599572\/","title":{"rendered":"Bundesrichter weist Klagen gegen James Comey und Letitia James ab"},"content":{"rendered":"<p>            <img loading=\"lazy\" decoding=\"async\" class=\"ts-image\" src=\"https:\/\/www.europesays.com\/de\/wp-content\/uploads\/2025\/11\/james-comey-106.jpg\" alt=\"James Comey in Washington DC.\" title=\"James Comey in Washington DC. | AFP\"\/><\/p>\n<p class=\"metatextline\">Stand: 24.11.2025 21:03 Uhr<\/p>\n<p class=\"textabsatz columns twelve  m-ten  m-offset-one l-eight l-offset-two\">\n        <strong>US-Pr\u00e4sident Trump hat eine juristische Niederlage erlitten: Die von Trump veranlassten Strafverfahren gegen den fr\u00fcheren FBI-Chef Comey und die New Yorker Generalstaatsanw\u00e4ltin James wurden abgewiesen.<\/strong>\n    <\/p>\n<p class=\"textabsatz m-ten m-offset-one l-eight l-offset-two columns twelve\">Ein US-Bundesgericht hat eine Anklage gegen einen scharfen Kritiker von US-Pr\u00e4sident Donald Trump, Ex-FBI-Chef James Comey, abgewiesen. Das Gericht begr\u00fcndete dies damit, dass die mit dem Verfahren befasste Staatsanw\u00e4ltin, Lindsey Halligan durch das US-Justizministerium nicht h\u00e4tte ernannt werden d\u00fcrfen. Sie war kommissarisch eingesetzt worden. Der Fall kann mit einer neuen Anklage wieder aufgerollt werden.\u00a0<\/p>\n<p class=\"textabsatz m-ten m-offset-one l-eight l-offset-two columns twelve\">Comey wurde im September wegen einer Falschaussage und Behinderung des Kongresses von einer Grand Jury angeklagt. <a href=\"https:\/\/www.tagesschau.de\/ausland\/amerika\/comey-gericht-102.html\" title=\"Ex-FBI-Chef Comey pl\u00e4diert in umstrittener Anklage auf &quot;nicht schuldig&quot;\" rel=\"nofollow noopener\" target=\"_blank\">Er hat auf nicht schuldig pl\u00e4diert<\/a> und jegliches Fehlverhalten bestritten.<\/p>\n<p class=\"textabsatz m-ten m-offset-one l-eight l-offset-two columns twelve\">Auch eine Klage gegen die New Yorker Generalstaatsanw\u00e4ltin Letitia James erkl\u00e4rte der zust\u00e4ndige Richter mit derselben Begr\u00fcndung f\u00fcr unzul\u00e4ssig. In US-Medien wurde die Gerichtsentscheidung als schwere Niederlage f\u00fcr Pr\u00e4sident Trump gewertet.<\/p>\n<p>    Anw\u00e4lte sehen Racheakt des US-Pr\u00e4sidenten<\/p>\n<p class=\"textabsatz m-ten m-offset-one l-eight l-offset-two columns twelve\">Die Anklage gegen Comey unter anderem wegen Falschaussage erfolgte Ende September nach massivem Druck von Trump auf die Justiz. Das Justizministerium teilte damals mit, dem 64-J\u00e4hrigen werde auch vorgeworfen, eine Untersuchung des US-Kongresses behindert zu haben.<\/p>\n<p class=\"textabsatz m-ten m-offset-one l-eight l-offset-two columns twelve\">Die <a href=\"https:\/\/www.tagesschau.de\/ausland\/amerika\/comey-trump-usa-102.html\" title=\"Fr\u00fcherer FBI-Chef und Trump-Widersacher Comey angeklagt \" rel=\"nofollow noopener\" target=\"_blank\">Anklage kam nur wenige Tage<\/a>, nachdem Trump seine Justizministerin Pam Bondi \u00fcber die sozialen Medien nachdr\u00fccklich dazu aufgefordert hatte, gegen Personen vorzugehen, die er als Feinde betrachte. Der Pr\u00e4sident beklagte, dass viel geredet, aber nichts getan werde &#8211; und nannte explizit Comey.\u00a0<\/p>\n<p class=\"textabsatz m-ten m-offset-one l-eight l-offset-two columns twelve\">Comey war 2013 vom damaligen US-Pr\u00e4sidenten Barack Obama zum Direktor der Bundespolizei FBI ernannt worden. W\u00e4hrend Trumps erster Amtszeit leitete er die Ermittlungen zu russischer Einflussnahme auf die US-Wahlen 2016 und m\u00f6glichen Verbindungen zwischen Moskau und Mitgliedern aus Trumps Wahlkampfteam. 2017 wurde Comey von Trump im Zusammenhang mit den damals noch laufenden Ermittlungen entlassen.\u00a0<\/p>\n<p>    Comey: Verfahren beruhte auf B\u00f6swilligkeit<\/p>\n<p class=\"textabsatz m-ten m-offset-one l-eight l-offset-two columns twelve\">In einem Video auf Instagram sagte Comey: &#8222;Ich bin dankbar, dass das Gericht das Verfahren gegen mich eingestellt hat.&#8220; Es habe auf &#8222;B\u00f6swilligkeit und Inkompetenz&#8220; beruht und sei &#8222;ein Spiegelbild dessen, was aus dem Justizministerium unter Donald Trump geworden ist&#8220;.<\/p>\n<p class=\"textabsatz m-ten m-offset-one l-eight l-offset-two columns twelve\">Die Comey-Anklage bekam auch deshalb viel Aufmerksamkeit, weil Kritiker darin ein m\u00f6gliches Beispiel daf\u00fcr sehen, wie auf Widersacher von Trump und missliebige Personen gezielt Druck ausge\u00fcbt wird. Comeys Anw\u00e4lte hatten schon fr\u00fcher kritisiert, dass es sich bei der Strafverfolgung ihres Mandanten um einen von Trump angeordneten Racheakt handele.<\/p>\n<p>    James hatte Zivilverfahren gegen Trump wegen Finanzbetrug gef\u00fchrt<\/p>\n<p class=\"textabsatz m-ten m-offset-one l-eight l-offset-two columns twelve\">Auch die New Yorker Generalstaatsanw\u00e4ltin James gilt als Kritikerin des Pr\u00e4sidenten und war h\u00e4ufig Ziel von Trumps Zorn &#8211; insbesondere seitdem sie 2024 in einem Zivilverfahren erreichte, dass der heutige Pr\u00e4sident und seine &#8222;Trump Organization&#8220; wegen Finanzbetrugs zu einer Zahlung von rund 450 Millionen US-Dollar verurteilt wurden.<\/p>\n<p class=\"textabsatz m-ten m-offset-one l-eight l-offset-two columns twelve\">Sie hatte dem heutigen Pr\u00e4sidenten sowie dessen S\u00f6hnen und Mitarbeitern nachgewiesen, den Wert des Privatunternehmens Trump Organization jahrelang falsch dargestellt zu haben, um an g\u00fcnstigere Kredite und Versicherungsvertr\u00e4ge zu kommen. Im September stufte ein Berufungsgericht das Urteil als &#8222;exzessiv&#8220;\u00a0ein und ordnete an, dass eine neue Strafe verh\u00e4ngt werden soll.<\/p>\n<p class=\"textabsatz m-ten m-offset-one l-eight l-offset-two columns twelve\">James zeigte sich in einer Reaktion erleichtert. &#8222;Der heutige Sieg erf\u00fcllt mich mit Zuversicht, und ich bin dankbar f\u00fcr die Gebete und die Unterst\u00fctzung, die ich aus dem ganzen Land erhalten habe&#8220;, teilte die Demokratin mit. &#8222;Ich bleibe furchtlos angesichts dieser haltlosen Anschuldigungen, w\u00e4hrend ich jeden einzelnen Tag weiter f\u00fcr die Menschen in New York k\u00e4mpfe.&#8220;<\/p>\n<p class=\"absatzbild__info__text\">\n                        Auch gegen die New Yorker Generalstaatsanw\u00e4ltin Letitia James hatte Trump geklagt.\n                    <\/p>\n<p>    Halligan hatte James Bankbetrug vorgeworfen<\/p>\n<p class=\"textabsatz m-ten m-offset-one l-eight l-offset-two columns twelve\">Staatsanw\u00e4ltin Halligan hatte im Oktober bekannt gegeben, dass James sich wegen Bankbetrugs verantworten solle, da sie bei einem Hauskauf 2023 ihre neue Immobilie f\u00e4lschlicherweise als Erstwohnsitz angegeben haben soll.<\/p>\n<p class=\"textabsatz m-ten m-offset-one l-eight l-offset-two columns twelve\">Halligan war erst im September von Trump f\u00fcr den Posten als neue kommissarische Bundesstaatsanw\u00e4ltin nominiert und daraufhin vom Justizministerium formal eingesetzt worden. Halligan war vor ihrer Ernennung Mitarbeiterin des Wei\u00dfen Hauses und pers\u00f6nliche Anw\u00e4ltin von Trump.<\/p>\n<p class=\"textabsatz m-ten m-offset-one l-eight l-offset-two columns twelve\">Vor Halligans Nominierung war ein anderer Interimsstaatsanwalt, Erik Siebert, aus dem Amt gedr\u00e4ngt worden, nachdem er sich laut Medienberichten weigerte, ein Strafverfahren gegen Comey und James anzustrengen. Er war US-Medienberichten zufolge unter anderem zu der Entscheidung gekommen, dass die vorgelegten Beweise im Fall Comey nicht f\u00fcr eine Anklage reichten.<\/p>\n","protected":false},"excerpt":{"rendered":"Stand: 24.11.2025 21:03 Uhr US-Pr\u00e4sident Trump hat eine juristische Niederlage erlitten: Die von Trump veranlassten Strafverfahren gegen den&hellip;\n","protected":false},"author":2,"featured_media":599573,"comment_status":"","ping_status":"","sticky":false,"template":"","format":"standard","meta":{"footnotes":""},"categories":[5],"tags":[13,14,15,12,10,8,9,11,113,64],"class_list":{"0":"post-599572","1":"post","2":"type-post","3":"status-publish","4":"format-standard","5":"has-post-thumbnail","7":"category-nachrichten","8":"tag-headlines","9":"tag-nachrichten","10":"tag-news","11":"tag-schlagzeilen","12":"tag-top-news","13":"tag-top-meldungen","14":"tag-topmeldungen","15":"tag-topnews","16":"tag-trump","17":"tag-usa"},"share_on_mastodon":{"url":"https:\/\/pubeurope.com\/@de\/115606676234442845","error":""},"_links":{"self":[{"href":"https:\/\/www.europesays.com\/de\/wp-json\/wp\/v2\/posts\/599572","targetHints":{"allow":["GET"]}}],"collection":[{"href":"https:\/\/www.europesays.com\/de\/wp-json\/wp\/v2\/posts"}],"about":[{"href":"https:\/\/www.europesays.com\/de\/wp-json\/wp\/v2\/types\/post"}],"author":[{"embeddable":true,"href":"https:\/\/www.europesays.com\/de\/wp-json\/wp\/v2\/users\/2"}],"replies":[{"embeddable":true,"href":"https:\/\/www.europesays.com\/de\/wp-json\/wp\/v2\/comments?post=599572"}],"version-history":[{"count":0,"href":"https:\/\/www.europesays.com\/de\/wp-json\/wp\/v2\/posts\/599572\/revisions"}],"wp:featuredmedia":[{"embeddable":true,"href":"https:\/\/www.europesays.com\/de\/wp-json\/wp\/v2\/media\/599573"}],"wp:attachment":[{"href":"https:\/\/www.europesays.com\/de\/wp-json\/wp\/v2\/media?parent=599572"}],"wp:term":[{"taxonomy":"category","embeddable":true,"href":"https:\/\/www.europesays.com\/de\/wp-json\/wp\/v2\/categories?post=599572"},{"taxonomy":"post_tag","embeddable":true,"href":"https:\/\/www.europesays.com\/de\/wp-json\/wp\/v2\/tags?post=599572"}],"curies":[{"name":"wp","href":"https:\/\/api.w.org\/{rel}","templated":true}]}}