{"id":599597,"date":"2025-11-24T21:11:15","date_gmt":"2025-11-24T21:11:15","guid":{"rendered":"https:\/\/www.europesays.com\/de\/599597\/"},"modified":"2025-11-24T21:11:15","modified_gmt":"2025-11-24T21:11:15","slug":"kellerbrand-in-muenster-15-bewohner-im-krankenhaus","status":"publish","type":"post","link":"https:\/\/www.europesays.com\/de\/599597\/","title":{"rendered":"Kellerbrand in M\u00fcnster \u2013 15 Bewohner im Krankenhaus"},"content":{"rendered":"<p class=\"richtext text-em-55 !leading-serif mx-6 desktop:mx-0\">Nach einem Kellerbrand in einem Mehrfamilienhaus in M\u00fcnster sind 15 Bewohner mit dem Verdacht auf Rauchgasvergiftung in Krankenh\u00e4user gefahren worden. Darunter seien drei Kinder, teilte die <a href=\"https:\/\/rp-online.de\/thema\/feuerwehr\/\" target=\"_blank\" rel=\"noopener\">Feuerwehr<\/a> mit. Vor dem Eintreffen der Einsatzkr\u00e4fte h\u00e4tten sich einige Bewohner selbst durch das Treppenhaus gerettet. Allerdings hatte sich Rauch im Geb\u00e4ude ausgebreitet, das nun gr\u00f6\u00dftenteils nicht mehr bewohnbar ist.<\/p>\n","protected":false},"excerpt":{"rendered":"Nach einem Kellerbrand in einem Mehrfamilienhaus in M\u00fcnster sind 15 Bewohner mit dem Verdacht auf Rauchgasvergiftung in Krankenh\u00e4user&hellip;\n","protected":false},"author":2,"featured_media":599598,"comment_status":"","ping_status":"","sticky":false,"template":"","format":"standard","meta":{"footnotes":""},"categories":[1843],"tags":[19907,3364,29,68724,10019,30,58550,143255,3744,25118,12182,13894,8970,1209,10321],"class_list":{"0":"post-599597","1":"post","2":"type-post","3":"status-publish","4":"format-standard","5":"has-post-thumbnail","7":"category-muenster","8":"tag-bewohner","9":"tag-de","10":"tag-deutschland","11":"tag-eintreffen","12":"tag-gebaeude","13":"tag-germany","14":"tag-hausbewohner","15":"tag-holzverschlaege","16":"tag-keller","17":"tag-kellerbrand","18":"tag-mehrfamilienhaus","19":"tag-moebel","20":"tag-muenster","21":"tag-nordrhein-westfalen","22":"tag-person"},"share_on_mastodon":{"url":"https:\/\/pubeurope.com\/@de\/115606735102671619","error":""},"_links":{"self":[{"href":"https:\/\/www.europesays.com\/de\/wp-json\/wp\/v2\/posts\/599597","targetHints":{"allow":["GET"]}}],"collection":[{"href":"https:\/\/www.europesays.com\/de\/wp-json\/wp\/v2\/posts"}],"about":[{"href":"https:\/\/www.europesays.com\/de\/wp-json\/wp\/v2\/types\/post"}],"author":[{"embeddable":true,"href":"https:\/\/www.europesays.com\/de\/wp-json\/wp\/v2\/users\/2"}],"replies":[{"embeddable":true,"href":"https:\/\/www.europesays.com\/de\/wp-json\/wp\/v2\/comments?post=599597"}],"version-history":[{"count":0,"href":"https:\/\/www.europesays.com\/de\/wp-json\/wp\/v2\/posts\/599597\/revisions"}],"wp:featuredmedia":[{"embeddable":true,"href":"https:\/\/www.europesays.com\/de\/wp-json\/wp\/v2\/media\/599598"}],"wp:attachment":[{"href":"https:\/\/www.europesays.com\/de\/wp-json\/wp\/v2\/media?parent=599597"}],"wp:term":[{"taxonomy":"category","embeddable":true,"href":"https:\/\/www.europesays.com\/de\/wp-json\/wp\/v2\/categories?post=599597"},{"taxonomy":"post_tag","embeddable":true,"href":"https:\/\/www.europesays.com\/de\/wp-json\/wp\/v2\/tags?post=599597"}],"curies":[{"name":"wp","href":"https:\/\/api.w.org\/{rel}","templated":true}]}}