{"id":599824,"date":"2025-11-24T23:27:14","date_gmt":"2025-11-24T23:27:14","guid":{"rendered":"https:\/\/www.europesays.com\/de\/599824\/"},"modified":"2025-11-24T23:27:14","modified_gmt":"2025-11-24T23:27:14","slug":"korruptionsprozess-um-muenchner-auslaenderbehoerde-hat-begonnen","status":"publish","type":"post","link":"https:\/\/www.europesays.com\/de\/599824\/","title":{"rendered":"Korruptionsprozess um M\u00fcnchner Ausl\u00e4nderbeh\u00f6rde hat begonnen"},"content":{"rendered":"<p>Mit Erkl\u00e4rungen zu den pers\u00f6nlichen Verh\u00e4ltnissen der Angeklagten hat am Landgericht M\u00fcnchen ein Prozess um den <a href=\"https:\/\/www.br.de\/nachrichten\/bayern\/korruption-in-muenchner-auslaenderbehoerde-erste-anklagen-erhoben,UtBzjqe\" target=\"_blank\" rel=\"noopener\">mutma\u00dflichen Korruptionsskandal im M\u00fcnchner Kreisverwaltungsreferat<\/a> begonnen. Zwei ehemalige Mitarbeitende sollen Ausl\u00e4ndern gegen Geld zu Aufenthaltspapieren verholfen haben.<\/p>\n<p>Bestechlichkeit wegen Spielsucht?<\/p>\n<p>Ein 50-j\u00e4hriger KVR-Mitarbeiter \u2013 zust\u00e4ndig f\u00fcr Ausl\u00e4nderangelegenheiten \u2013 soll \u00f6fter dreistellige Summen angenommen haben. Er sei spiels\u00fcchtig gewesen, berichtete er im Prozess, und \u00fcber die Jahre habe er bis zu 62.000 Euro Schulden angeh\u00e4uft \u2013 immer in der Hoffnung, das Problem mit einem hohen Gewinn irgendwann l\u00f6sen zu k\u00f6nnen. Heute sei er in Behandlung. Die Kredite zahlt er nach eigenen Angaben mit dem ab, was er mittlerweile als Lieferfahrer und in der Gastronomie verdient.<\/p>\n<p>Ausl\u00e4nder in M\u00fcnchen gemeldet<\/p>\n<p>F\u00fcr die falschen Papiere bezahlt hatte ihn laut Anklage ein externer Dienstleister, der auch eine andere, 27-j\u00e4hrige KVR-Mitarbeiterin bestochen haben soll, damit sie Ausl\u00e4nder in M\u00fcnchen anmeldet, obwohl diese hier gar keinen festen Wohnsitz hatten. Die n\u00f6tigen sogenannten Wohnungsgeberbest\u00e4tigungen soll der 28-j\u00e4hrige Dienstleister wiederum selbst gef\u00e4lscht haben. Seit fast einem Dreivierteljahr sitzt er in Untersuchungshaft &#8211; das sei sehr belastend, sagte er im Prozess.<\/p>\n<p>Die KVR-Mitarbeiterin will erst am Dienstag zu ihren pers\u00f6nlichen Verh\u00e4ltnissen aussagen. Alle drei Angeklagten haben \u00fcber ihre Verteidiger angek\u00fcndigt, dass sie sich auch zu den Tatvorw\u00fcrfen noch \u00e4u\u00dfern wollen.  <\/p>\n<p>Verdachtsf\u00e4lle und Festnahmen in einem weiteren Fall<\/p>\n<p>Im Oktober gab es einen <a href=\"https:\/\/www.br.de\/nachrichten\/bayern\/bestechung-in-auslaenderbehoerde-drei-menschen-festgenommen,V0YdiSY\" target=\"_blank\" rel=\"noopener\">erneuten Korruptionsverdacht im M\u00fcnchner Kreisverwaltungsreferat<\/a>: Drei Personen wurden festgenommen, zwei sitzen in U-Haft. Auch sie sollen gegen Geld Aufenthaltstitel organisiert haben. Das Amt hatte selbst Unregelm\u00e4\u00dfigkeiten gemeldet.<\/p>\n<p>Der Prozess ist nicht das einzige Verfahren rund um Korruptionsvorw\u00fcrfe im M\u00fcnchner KVR, das die Ermittler derzeit besch\u00e4ftigt. &#8222;Wir f\u00fchren in diesem Zusammenhang zwei Ermittlungskomplexe&#8220;, sagt eine Sprecherin der Staatsanwaltschaft M\u00fcnchen I.<\/p>\n<p>Der aktuelle Prozess gegen die drei Angeklagten f\u00e4llt demnach in den ersten Komplex. &#8222;Daneben ermitteln wir in diesem Komplex gegen sechs weitere Beschuldigte&#8220;. Zu diesen machte die Sprecherin aber keine weiteren Angaben. In einem zweiten Ermittlungskomplex wird laut Staatsanwaltschaft gegen vier Beschuldigte ermittelt. Eine dieser vier Beschuldigten war im Tatzeitraum Mitarbeiterin des KVR.<\/p>\n<p>Im aktuell verhandelten Verfahren stellte die Staatsanwaltschaft den angeklagten Ex-KVR-Mitarbeitern Bew\u00e4hrungsstrafen in Aussicht f\u00fcr den Fall, dass sie sich gest\u00e4ndig zeigen &#8211; und dabei helfen, weitere m\u00f6gliche Tatverd\u00e4chtige zu identifizieren.<\/p>\n","protected":false},"excerpt":{"rendered":"Mit Erkl\u00e4rungen zu den pers\u00f6nlichen Verh\u00e4ltnissen der Angeklagten hat am Landgericht M\u00fcnchen ein Prozess um den mutma\u00dflichen Korruptionsskandal&hellip;\n","protected":false},"author":2,"featured_media":599825,"comment_status":"","ping_status":"","sticky":false,"template":"","format":"standard","meta":{"footnotes":""},"categories":[1827],"tags":[29921,772,29,30,45747,1268,2339,1269],"class_list":{"0":"post-599824","1":"post","2":"type-post","3":"status-publish","4":"format-standard","5":"has-post-thumbnail","7":"category-muenchen","8":"tag-auslaenderbehoerde","9":"tag-bayern","10":"tag-deutschland","11":"tag-germany","12":"tag-kvr","13":"tag-muenchen","14":"tag-oberbayern","15":"tag-prozess"},"share_on_mastodon":{"url":"https:\/\/pubeurope.com\/@de\/115607269873733461","error":""},"_links":{"self":[{"href":"https:\/\/www.europesays.com\/de\/wp-json\/wp\/v2\/posts\/599824","targetHints":{"allow":["GET"]}}],"collection":[{"href":"https:\/\/www.europesays.com\/de\/wp-json\/wp\/v2\/posts"}],"about":[{"href":"https:\/\/www.europesays.com\/de\/wp-json\/wp\/v2\/types\/post"}],"author":[{"embeddable":true,"href":"https:\/\/www.europesays.com\/de\/wp-json\/wp\/v2\/users\/2"}],"replies":[{"embeddable":true,"href":"https:\/\/www.europesays.com\/de\/wp-json\/wp\/v2\/comments?post=599824"}],"version-history":[{"count":0,"href":"https:\/\/www.europesays.com\/de\/wp-json\/wp\/v2\/posts\/599824\/revisions"}],"wp:featuredmedia":[{"embeddable":true,"href":"https:\/\/www.europesays.com\/de\/wp-json\/wp\/v2\/media\/599825"}],"wp:attachment":[{"href":"https:\/\/www.europesays.com\/de\/wp-json\/wp\/v2\/media?parent=599824"}],"wp:term":[{"taxonomy":"category","embeddable":true,"href":"https:\/\/www.europesays.com\/de\/wp-json\/wp\/v2\/categories?post=599824"},{"taxonomy":"post_tag","embeddable":true,"href":"https:\/\/www.europesays.com\/de\/wp-json\/wp\/v2\/tags?post=599824"}],"curies":[{"name":"wp","href":"https:\/\/api.w.org\/{rel}","templated":true}]}}