{"id":599827,"date":"2025-11-24T23:29:12","date_gmt":"2025-11-24T23:29:12","guid":{"rendered":"https:\/\/www.europesays.com\/de\/599827\/"},"modified":"2025-11-24T23:29:12","modified_gmt":"2025-11-24T23:29:12","slug":"muenchen-hamburg-vorbeugen-damit-auf-dem-adventskranz-nur-die-kerzen-brennen","status":"publish","type":"post","link":"https:\/\/www.europesays.com\/de\/599827\/","title":{"rendered":"M\u00fcnchen\/Hamburg | Vorbeugen: Damit auf dem Adventskranz nur die Kerzen brennen"},"content":{"rendered":"<p>M\u00fcnchen\/Hamburg (dpa\/tmn) &#8211; Deutlich mehr als jeder oder jede Zweite hat keinen Feuerl\u00f6scher zu Hause (59 Prozent). Das ergab eine repr\u00e4sentative Umfrage des Marktforschungsinstituts infas quo im Auftrag des ADAC. Noch mehr Menschen sind in ihren vier W\u00e4nden ohne L\u00f6schdecke (81 Prozent) und Brandschutzspray (95 Prozent).<\/p>\n<p>Dabei sollte gerade in der Adventszeit wenigstens ein Feuerl\u00f6schspray immer in Reichweite sein, r\u00e4t der ADAC. Das Spray ist leichter zu handhaben als ein klassischer Feuerl\u00f6scher und kann zumindest bei noch kleiner Flamme helfen.<\/p>\n<p>Auf L\u00f6schpulver verzichten<\/p>\n<p>Dass man bei einem Adventskranzbrand allerdings besser keinen L\u00f6scher oder kein Spray mit L\u00f6schpulver verwenden sollte, wissen laut der Umfrage die Wenigsten (17 Prozent). Denn das Pulver verteilt sich sehr gro\u00dffl\u00e4chig und dringt selbst in kleinste Ritzen ein. M\u00f6bel oder Textilien k\u00f6nnen oft nicht mehr gereinigt, sondern m\u00fcssen entsorgt werden.<\/p>\n<p>Stattdessen ist nach Aussage des ADAC ein L\u00f6schmittel f\u00fcr Br\u00e4nde der Klasse A geeignet, also eines f\u00fcr feste Stoffe wie Holz, Tannenzweige, Kerzenreste oder Dekoration.\u00a0<\/p>\n<p>So beugen Sie einem Brand vor<\/p>\n<p>Damit nach und nach zwar die Kerzen zwischen den Zweigen brennen, nicht aber der ganze Adventskranz lichterloh in Flammen steht, gibt die Aktion Das sichere Haus (DSH) folgende Tipps f\u00fcr den Umgang mit dem Kranz:<\/p>\n<ul class=\"list-normal\">\n<li>Basteln oder kaufen Sie den Kranz nicht zu fr\u00fch. Denn vertrocknete Zweige k\u00f6nnen schneller Feuer fangen.<\/li>\n<li>Stellen Sie das Gesteck nachts an einen k\u00fchlen Ort, etwa auf den Balkon.<\/li>\n<li>W\u00e4hlen Sie eine stabile Unterlage aus Metall, Glas, Ton, Steingut oder Porzellan. Gleiches gilt f\u00fcr die Deko und die Kerzenhalter, in denen die Kerzen gerade und stabil stehen sollten.<\/li>\n<li>Lassen Sie den Kranz nie unbeaufsichtigt und pusten Sie alle Kerzen aus, bevor Sie den Raum verlassen.<\/li>\n<li>Verhindern Sie Zugluft und stellen Sie den Kranz in ausreichendem Abstand zu brennbaren Materialien auf.<\/li>\n<li>Wechseln Sie die Kerzen aus, bevor sie ganz heruntergebrannt sind.<\/li>\n<li>Lassen Sie Kinder und auch Haustiere nicht allein in einem Raum mit brennenden Kerzen.<\/li>\n<\/ul>\n","protected":false},"excerpt":{"rendered":"M\u00fcnchen\/Hamburg (dpa\/tmn) &#8211; Deutlich mehr als jeder oder jede Zweite hat keinen Feuerl\u00f6scher zu Hause (59 Prozent). Das&hellip;\n","protected":false},"author":2,"featured_media":599828,"comment_status":"","ping_status":"","sticky":false,"template":"","format":"standard","meta":{"footnotes":""},"categories":[1826],"tags":[4074,143284,127611,2919,4941,29,987,30,692,5331,127986,143285,12067,12289,1463],"class_list":{"0":"post-599827","1":"post","2":"type-post","3":"status-publish","4":"format-standard","5":"has-post-thumbnail","7":"category-hamburg","8":"tag-adac","9":"tag-adventskranz","10":"tag-adventszeit","11":"tag-brand","12":"tag-cjab","13":"tag-deutschland","14":"tag-feuer","15":"tag-germany","16":"tag-hamburg","17":"tag-immobilien","18":"tag-kerzen","19":"tag-loeschmittel","20":"tag-tmn2300","21":"tag-weihnachten","22":"tag-wohnen"},"share_on_mastodon":{"url":"https:\/\/pubeurope.com\/@de\/115607277792877257","error":""},"_links":{"self":[{"href":"https:\/\/www.europesays.com\/de\/wp-json\/wp\/v2\/posts\/599827","targetHints":{"allow":["GET"]}}],"collection":[{"href":"https:\/\/www.europesays.com\/de\/wp-json\/wp\/v2\/posts"}],"about":[{"href":"https:\/\/www.europesays.com\/de\/wp-json\/wp\/v2\/types\/post"}],"author":[{"embeddable":true,"href":"https:\/\/www.europesays.com\/de\/wp-json\/wp\/v2\/users\/2"}],"replies":[{"embeddable":true,"href":"https:\/\/www.europesays.com\/de\/wp-json\/wp\/v2\/comments?post=599827"}],"version-history":[{"count":0,"href":"https:\/\/www.europesays.com\/de\/wp-json\/wp\/v2\/posts\/599827\/revisions"}],"wp:featuredmedia":[{"embeddable":true,"href":"https:\/\/www.europesays.com\/de\/wp-json\/wp\/v2\/media\/599828"}],"wp:attachment":[{"href":"https:\/\/www.europesays.com\/de\/wp-json\/wp\/v2\/media?parent=599827"}],"wp:term":[{"taxonomy":"category","embeddable":true,"href":"https:\/\/www.europesays.com\/de\/wp-json\/wp\/v2\/categories?post=599827"},{"taxonomy":"post_tag","embeddable":true,"href":"https:\/\/www.europesays.com\/de\/wp-json\/wp\/v2\/tags?post=599827"}],"curies":[{"name":"wp","href":"https:\/\/api.w.org\/{rel}","templated":true}]}}