{"id":599881,"date":"2025-11-25T00:10:13","date_gmt":"2025-11-25T00:10:13","guid":{"rendered":"https:\/\/www.europesays.com\/de\/599881\/"},"modified":"2025-11-25T00:10:13","modified_gmt":"2025-11-25T00:10:13","slug":"wiesbadener-thc-ii-verliert-packendes-derby-in-ruesselsheim","status":"publish","type":"post","link":"https:\/\/www.europesays.com\/de\/599881\/","title":{"rendered":"Wiesbadener THC II verliert packendes Derby in R\u00fcsselsheim"},"content":{"rendered":"<p>Das erste Rhein-Main-Derby der Saison in der 2. Regionalliga West hielt, was es versprach: Spannung, Tore und Dramatik. Die zweite Mannschaft des Wiesbadener THC war bei der Bundesliga-Reserve des R\u00fcsselsheimer RK zu Gast und erwischte einen Traumstart. Hochkonzentriert und effektiv im Abschluss f\u00fchrte das Team von Trainer Martin Hannus nach dem ersten Viertel verdient mit 3:0.<\/p>\n<p>Doch im zweiten Abschnitt schlichen sich Fehler im Spielaufbau ein, die eigenen Chancen wurden nicht mehr konsequent genutzt \u2013 R\u00fcsselsheim nutzte dies eiskalt aus und glich mit drei Treffern zum 3:3-Halbzeitstand aus.<\/p>\n<p>Gastgeber zieht nach der Pause davon<\/p>\n<p>Nach der Pause \u00fcbernahm der RRK zunehmend die Kontrolle. Mit schnellen Kontern und erfolgreichen Strafecken zogen die Gastgeber auf 6:3 davon. Wiesbaden stemmte sich im letzten Viertel gegen die drohende Niederlage, setzte auf eine offensive Variante mit herausgenommenem Torh\u00fcter und kam durch die \u00dcberzahl tats\u00e4chlich noch einmal zur\u00fcck. Drei Treffer brachten die G\u00e4ste wieder in Reichweite, doch R\u00fcsselsheim fand immer wieder L\u00fccken im Pressing und erzielte seinerseits zwei weitere Tore.<\/p>\n<p>Bittere Ausw\u00e4rtsniederlage<\/p>\n<p>Am Ende stand eine 6:8-Niederlage f\u00fcr den WTHC II, die angesichts der starken Anfangsphase und der vergebenen Chancen besonders bitter ausfiel. \u201eBei besserer Chancenverwertung und weniger Fehlern im Aufbau w\u00e4re mehr m\u00f6glich gewesen\u201c, lautete das Fazit.<\/p>\n<p>Doppelspieltag f\u00fcr die Bundesliga-Reserve<\/p>\n<p>F\u00fcr die Wiesbadener Bundesliga-Reserve geht es am kommenden Wochenende direkt weiter. Am Samstag, 29. November, empf\u00e4ngt das Team um 16:00 Uhr Spitzenreiter Limburger HC in der Sporthalle der Gerhart-Hauptmann-Schule. Nur einen Tag sp\u00e4ter folgt das n\u00e4chste Derby \u2013 am Sonntag, 30. November, um 14:00 Uhr bei Eintracht Frankfurt.<\/p>\n<p><strong>InfoBox<\/strong><\/p>\n<p><strong>R\u00fcsselsheimer RK 2 \u2013 Wiesbadener THC 2 8:6 (3:3)<\/strong><\/p>\n<p>Die Tore f\u00fcr den WTHC erzielten Len Prebentow (2), Jakob Ritterbach, Jelte Petersen, Kilian Mayer und Frederick Lonnes.<\/p>\n<p><strong>Terminkalender:<\/strong><br \/>1. Damen TG Frankenthal \u2013 Wiesbadener THC, Sonntag, 30. November, um 13:00 Uhr<br \/>1. Herren HG N\u00fcrnberg \u2013 Wiesbadener THC, Samstag, 29. November, um 15:30 Uhr<\/p>\n","protected":false},"excerpt":{"rendered":"Das erste Rhein-Main-Derby der Saison in der 2. Regionalliga West hielt, was es versprach: Spannung, Tore und Dramatik.&hellip;\n","protected":false},"author":2,"featured_media":599882,"comment_status":"","ping_status":"","sticky":false,"template":"","format":"standard","meta":{"footnotes":""},"categories":[1847],"tags":[3364,29,548,663,3934,30,13,2052,14,15,12,4544],"class_list":{"0":"post-599881","1":"post","2":"type-post","3":"status-publish","4":"format-standard","5":"has-post-thumbnail","7":"category-wiesbaden","8":"tag-de","9":"tag-deutschland","10":"tag-eu","11":"tag-europa","12":"tag-europe","13":"tag-germany","14":"tag-headlines","15":"tag-hessen","16":"tag-nachrichten","17":"tag-news","18":"tag-schlagzeilen","19":"tag-wiesbaden"},"share_on_mastodon":{"url":"https:\/\/pubeurope.com\/@de\/115607439100764959","error":""},"_links":{"self":[{"href":"https:\/\/www.europesays.com\/de\/wp-json\/wp\/v2\/posts\/599881","targetHints":{"allow":["GET"]}}],"collection":[{"href":"https:\/\/www.europesays.com\/de\/wp-json\/wp\/v2\/posts"}],"about":[{"href":"https:\/\/www.europesays.com\/de\/wp-json\/wp\/v2\/types\/post"}],"author":[{"embeddable":true,"href":"https:\/\/www.europesays.com\/de\/wp-json\/wp\/v2\/users\/2"}],"replies":[{"embeddable":true,"href":"https:\/\/www.europesays.com\/de\/wp-json\/wp\/v2\/comments?post=599881"}],"version-history":[{"count":0,"href":"https:\/\/www.europesays.com\/de\/wp-json\/wp\/v2\/posts\/599881\/revisions"}],"wp:featuredmedia":[{"embeddable":true,"href":"https:\/\/www.europesays.com\/de\/wp-json\/wp\/v2\/media\/599882"}],"wp:attachment":[{"href":"https:\/\/www.europesays.com\/de\/wp-json\/wp\/v2\/media?parent=599881"}],"wp:term":[{"taxonomy":"category","embeddable":true,"href":"https:\/\/www.europesays.com\/de\/wp-json\/wp\/v2\/categories?post=599881"},{"taxonomy":"post_tag","embeddable":true,"href":"https:\/\/www.europesays.com\/de\/wp-json\/wp\/v2\/tags?post=599881"}],"curies":[{"name":"wp","href":"https:\/\/api.w.org\/{rel}","templated":true}]}}