{"id":599905,"date":"2025-11-25T00:23:30","date_gmt":"2025-11-25T00:23:30","guid":{"rendered":"https:\/\/www.europesays.com\/de\/599905\/"},"modified":"2025-11-25T00:23:30","modified_gmt":"2025-11-25T00:23:30","slug":"kevin-vogt-erlebt-in-bochum-sein-blaues-wunder","status":"publish","type":"post","link":"https:\/\/www.europesays.com\/de\/599905\/","title":{"rendered":"Kevin Vogt erlebt in Bochum sein blaues Wunder"},"content":{"rendered":"<p class=\"article_paragraph__hXYKJ\">Die Geschichte klang im Prinzip schon zu sch\u00f6n, um tats\u00e4chlich wahr zu sein. Und weil sie so unwirklich schien, wurde sie auch dementsprechend pr\u00e4sentiert. 13 Jahre nach dem Abschied waren der VfL Bochum und Kevin Vogt wieder vereint und \u00fcberboten sich in gegenseitigen Schw\u00e4rmereien f\u00fcreinander. W\u00e4hrend Gesch\u00e4ftsf\u00fchrer Dirk Dufner den Verteidiger als \u201eeinen enormen Qualit\u00e4tsgewinn\u201c, einen \u201eToptransfer\u201c und \u201eF\u00fchrungsspieler, der vorangeht\u201c bezeichnete, war nat\u00fcrlich auch der damals 33-J\u00e4hrige wenig zur\u00fcckhaltend in seinen Liebesbekundungen an den Jugendklub und seine Heimat.<\/p>\n<p>Beim VfL Bochum kennt Kevin Vogt Verein und Mitarbeiter<\/p>\n<p class=\"article_paragraph__hXYKJ\">In der Nachbarstadt Witten ist Vogt zwar geboren, auf dem\u00a0Weg zum Medizincheck in Bochum sei er diesen Sommer aber \u201edurch mein altes Viertel gefahren, kenne dort jede Stra\u00dfe\u201c, erz\u00e4hlte Vogt im Juli. \u201eHier beim VfL habe ich einige langj\u00e4hrige Mitarbeiterinnen und Mitarbeiter wiedergesehen, zudem meinen ehemaligen Mitspieler Andreas Luthe auf der Gesch\u00e4ftsstelle getroffen, es f\u00fchlt sich richtig gut an. Wir wollen alle den Erfolg \u2013 dazu will ich mit meinen Qualit\u00e4ten und meiner Erfahrung meinen Teil beitragen.\u201c<\/p>\n<p class=\"article_paragraph__hXYKJ\">Im November dieses Jahres ist Kevin Vogt mittlerweile 34 Jahre alt. Nicht nur der Himmel \u00fcber dem Ruhrgebiet hat in den zur\u00fcckliegenden Wochen an Helligkeit verloren, sondern auch die Zuneigung Vogts zu seinem Ausbildungsverein. Die W\u00e4rme der Anfangsphase beim VfL, als der Innenverteidiger froh war, den 1. FC Union Berlin verlassen und in Bochum die R\u00fcckkehr zur alten Liebe erlebt zu haben, ist der vorwinterlichen K\u00e4lte, insbesondere aber der sportlichen Ern\u00fcchterung gewichen.<\/p>\n<p class=\"article_paragraph__hXYKJ\">Den ersten Liebesentzug gab es von den Bochumer Fans schon nach den ersten Partien: Der verschossene Elfmeter am dritten Spieltag beim FC Schalke 04 (1:2) wurde ihm damals, aber auch zuletzt noch vorgehalten. Erst vor zwei Wochen schrieb ein VfL-Fan auf X: \u201eMit verschossenen Elfmetern kennt sich Kevin Vogt ja bestens aus.\u201c Kurios daran: Obwohl er momentan gar nicht spielt, ist er immer noch Zielscheibe einiger gefrusteter Bochumer.<\/p>\n<p class=\"article_paragraph__hXYKJ\">Eigentlich unverst\u00e4ndlich, weil Vogt am 27. September, also vor knapp zwei Monaten, zuletzt das Trikot der Bochumer getragen hat. Viel hat sich seitdem ver\u00e4ndert. Sportdirektor Dufner und Trainer Dieter Hecking, die Kevin Vogt aus K\u00f6penick zur\u00fcck ins Ruhrgebiet geholt und sportlich auf ihn gesetzt hatten, wurden am 15. September nach anhaltender Erfolglosigkeit entlassen. Hecking hatte auf Vogt als Abwehrchef gesetzt, aber nach dem Abstieg nur eins von f\u00fcnf Spielen in der Zweiten Bundesliga gewonnen.<\/p>\n<p class=\"article_paragraph__hXYKJ\">Auch bei Interimstrainer David Siebers geh\u00f6rte Vogt danach zweimal zur Startelf und konnte in seiner Rolle als Abwehrchef die zwei weiteren Niederlagen nicht verhindern. Erst mit der Verpflichtung von Uwe R\u00f6sler konnten die Bochumer ihren Abw\u00e4rtstrend stoppen. Direkt das erste Spiel gegen Hertha BSC wurde gewonnen, im DFB-Pokal sogar Bundesligist FC Augsburg aus dem Wettbewerb geworfen. Die 1:2-Niederlage am zur\u00fcckliegenden Wochenende gegen Dynamo Dresden war das erste verlorene Spiel unter R\u00f6sler, zuvor holte die Mannschaft zehn von zw\u00f6lf m\u00f6glichen Punkten.<\/p>\n<p class=\"article_paragraph__hXYKJ\">Mit Kevin Vogt ist diese Trendwende nicht in Verbindung zu bringen. Der Verteidiger hat unter dem neuen Trainer noch keine Partie absolviert. \u201eKevin Vogt musste sich aufgrund anhaltender Knieprobleme in der letzten Woche einem kleinen chirurgischen Eingriff unterziehen. Die Operation verlief ohne Komplikationen, sodass der Heilungsverlauf des Verteidigers planm\u00e4\u00dfig voranschreitet\u201c, hatte der VfL Bochum via Social Media am 13. Oktober mitgeteilt. Wie lange er ausfallen w\u00fcrde, lie\u00df der Zweitligist damals offen. R\u00f6sler sprach am selben Tag zwar davon, dass es keine langfristige Angelegenheit sein sollte, doch ist diese Aussage mittlerweile auch schon sechs Wochen alt. Eine R\u00fcckkehr hat es f\u00fcr Kevin Vogt seitdem nicht gegeben, in der Abwehr haben sich seine Konkurrenten festgespielt und sportlich \u00fcberzeugt.<\/p>\n<p class=\"article_paragraph__hXYKJ\">Unweigerlich erinnert derzeit viel an seine letzten Monate beim 1. FC Union Berlin. Als Vogt in der Winterpause der Saison 2023\/24 von der TSG 1899 Hoffenheim nach K\u00f6penick geholt wurde, brauchte er keine Anlaufzeit, sondern wurde direkt zum Abwehrchef und Leistungstr\u00e4ger in einer anf\u00e4lligen Hintermannschaft. Als Bo Svensson das Traineramt im Sommer 2024 \u00fcbernahm, hatte Vogt seinen Stammplatz ebenso sicher, verpasste nur eins von 16 Pflichtspielen unter der sportlichen Leitung des D\u00e4nen.<\/p>\n<p>Erinnerung an Zeiten unter Steffen Baumgart<\/p>\n<p class=\"article_paragraph__hXYKJ\">Zweimal durfte er nach dem Trainerwechsel zu Steffen Baumgart zu Beginn dieses Kalenderjahres noch spielen, dann waren es Knieprobleme, die Vogt seinen Stammplatz an Leopold Querfeld verlieren lie\u00dfen. So zumindest lautete die offizielle Variante. In zahlreichen Wochen sah man den Innenverteidiger die Trainingseinheiten scheinbar problemlos absolvieren, doch regelm\u00e4\u00dfig zum Spieltag verk\u00fcndete Baumgart oftmals den verletzungsbedingten Ausfall des Routiniers, sprach dabei immer wieder von R\u00fcckschl\u00e4gen.<\/p>\n<p class=\"article_paragraph__hXYKJ\">Und gegenw\u00e4rtig weist wenig darauf hin, dass das Kalenderjahr 2025 f\u00fcr Kevin Vogt in Bochum besser enden wird, als es in Berlin-K\u00f6penick begonnen hat. Den Fans des VfL Bochum scheint das ganz recht zu sein. Vogt f\u00e4llt aus. \u201eDas ist unsere Chance, mal zu gewinnen\u201c, schrieb ein User Anfang Oktober auf X. Manch einer w\u00fcnscht sich dort einen Tausch mit einem anderen Ex-Bochumer: \u201eAuch crazy, sechs Wechsel bei Augsburg und ein Schlotti (Keven Schlotterbeck, Anm. d. Red.) sitzt da trotzdem auf der Bank! K\u00f6nnten wir den nicht gegen Kevin Vogt tauschen?\u201c<\/p>\n<p class=\"article_paragraph__hXYKJ article_paragraph_end-of-article-icon__tzjPO\">Nein, so hatten sich der VfL Bochum und Kevin Vogt ihre zweite gemeinsame Geschichte nicht vorgestellt. Die R\u00fcckkehr des verlorenen Sohnes klang im Sommer 2025 wirklich zu sch\u00f6n, um ein paar Monate sp\u00e4ter wahr zu werden.<\/p>\n","protected":false},"excerpt":{"rendered":"Die Geschichte klang im Prinzip schon zu sch\u00f6n, um tats\u00e4chlich wahr zu sein. Und weil sie so unwirklich&hellip;\n","protected":false},"author":2,"featured_media":599906,"comment_status":"","ping_status":"","sticky":false,"template":"","format":"standard","meta":{"footnotes":""},"categories":[1839],"tags":[7507,3364,29,30,1209],"class_list":{"0":"post-599905","1":"post","2":"type-post","3":"status-publish","4":"format-standard","5":"has-post-thumbnail","7":"category-bochum","8":"tag-bochum","9":"tag-de","10":"tag-deutschland","11":"tag-germany","12":"tag-nordrhein-westfalen"},"share_on_mastodon":{"url":"https:\/\/pubeurope.com\/@de\/115607490056094169","error":""},"_links":{"self":[{"href":"https:\/\/www.europesays.com\/de\/wp-json\/wp\/v2\/posts\/599905","targetHints":{"allow":["GET"]}}],"collection":[{"href":"https:\/\/www.europesays.com\/de\/wp-json\/wp\/v2\/posts"}],"about":[{"href":"https:\/\/www.europesays.com\/de\/wp-json\/wp\/v2\/types\/post"}],"author":[{"embeddable":true,"href":"https:\/\/www.europesays.com\/de\/wp-json\/wp\/v2\/users\/2"}],"replies":[{"embeddable":true,"href":"https:\/\/www.europesays.com\/de\/wp-json\/wp\/v2\/comments?post=599905"}],"version-history":[{"count":0,"href":"https:\/\/www.europesays.com\/de\/wp-json\/wp\/v2\/posts\/599905\/revisions"}],"wp:featuredmedia":[{"embeddable":true,"href":"https:\/\/www.europesays.com\/de\/wp-json\/wp\/v2\/media\/599906"}],"wp:attachment":[{"href":"https:\/\/www.europesays.com\/de\/wp-json\/wp\/v2\/media?parent=599905"}],"wp:term":[{"taxonomy":"category","embeddable":true,"href":"https:\/\/www.europesays.com\/de\/wp-json\/wp\/v2\/categories?post=599905"},{"taxonomy":"post_tag","embeddable":true,"href":"https:\/\/www.europesays.com\/de\/wp-json\/wp\/v2\/tags?post=599905"}],"curies":[{"name":"wp","href":"https:\/\/api.w.org\/{rel}","templated":true}]}}