{"id":599911,"date":"2025-11-25T00:27:12","date_gmt":"2025-11-25T00:27:12","guid":{"rendered":"https:\/\/www.europesays.com\/de\/599911\/"},"modified":"2025-11-25T00:27:12","modified_gmt":"2025-11-25T00:27:12","slug":"spotify-plant-preiserhoehung-in-den-usa-im-ersten-quartal-2025","status":"publish","type":"post","link":"https:\/\/www.europesays.com\/de\/599911\/","title":{"rendered":"Spotify plant Preiserh\u00f6hung in den USA im ersten Quartal 2025"},"content":{"rendered":"<p>Spotify wird seine US-Abonnementpreise im ersten Quartal des kommenden Jahres anheben. Das berichtete die Financial Times am Montag unter Berufung auf drei mit der Angelegenheit vertraute Personen.<\/p>\n<p>Der schwedische Streaming-Gigant hatte im August angek\u00fcndigt, die Preise in M\u00e4rkten wie S\u00fcdasien, dem Nahen Osten, Afrika, Europa, Lateinamerika und der Asien-Pazifik-Region von 10,99\u00a0Euro auf 11,99\u00a0Euro (13,82\u00a0US-Dollar) pro Monat zu erh\u00f6hen.<\/p>\n<p>Die f\u00fcr das kommende Jahr geplante Erh\u00f6hung w\u00e4re jedoch die erste Preisanpassung in den Vereinigten Staaten seit Juni 2024.<\/p>\n<p>Spotify reagierte zun\u00e4chst nicht auf eine Anfrage von Reuters nach einer Stellungnahme.<\/p>\n<p>Das Unternehmen setzt seit einigen Jahren auf Preiserh\u00f6hungen, um das Gewinnwachstum voranzutreiben, im Vertrauen darauf, dass seine starke Marktpr\u00e4senz die Nutzerbindung sichert. Im Septemberquartal wurde der Preis f\u00fcr das Premium-Einzelabo in \u00fcber 150 M\u00e4rkten erh\u00f6ht.<\/p>\n<p>Spotify hatte Anfang des Monats f\u00fcr das vierte Quartal einen Gewinn prognostiziert, der \u00fcber den Erwartungen der Wall Street liegt. Das Unternehmen setzt dabei auf ein kr\u00e4ftiges Nutzerwachstum sowie auf zus\u00e4tzliche Einnahmen durch die Preiserh\u00f6hungen im wichtigen Weihnachtsgesch\u00e4ft.<br \/>(1\u00a0US-Dollar = 0,8677\u00a0Euro)<br \/>(Bericht von Juby Babu in Mexiko-Stadt; Bearbeitung: Alan Barona)<\/p>\n","protected":false},"excerpt":{"rendered":"Spotify wird seine US-Abonnementpreise im ersten Quartal des kommenden Jahres anheben. Das berichtete die Financial Times am Montag&hellip;\n","protected":false},"author":2,"featured_media":599912,"comment_status":"","ping_status":"","sticky":false,"template":"","format":"standard","meta":{"footnotes":""},"categories":[3977],"tags":[331,332,665,13,14,15,12,4017,4018,4016,64,4019,4020],"class_list":{"0":"post-599911","1":"post","2":"type-post","3":"status-publish","4":"format-standard","5":"has-post-thumbnail","7":"category-usa","8":"tag-aktuelle-nachrichten","9":"tag-aktuelle-news","10":"tag-boerse","11":"tag-headlines","12":"tag-nachrichten","13":"tag-news","14":"tag-schlagzeilen","15":"tag-united-states","16":"tag-united-states-of-america","17":"tag-us","18":"tag-usa","19":"tag-vereinigte-staaten","20":"tag-vereinigte-staaten-von-amerika"},"share_on_mastodon":{"url":"https:\/\/pubeurope.com\/@de\/115607505688242157","error":""},"_links":{"self":[{"href":"https:\/\/www.europesays.com\/de\/wp-json\/wp\/v2\/posts\/599911","targetHints":{"allow":["GET"]}}],"collection":[{"href":"https:\/\/www.europesays.com\/de\/wp-json\/wp\/v2\/posts"}],"about":[{"href":"https:\/\/www.europesays.com\/de\/wp-json\/wp\/v2\/types\/post"}],"author":[{"embeddable":true,"href":"https:\/\/www.europesays.com\/de\/wp-json\/wp\/v2\/users\/2"}],"replies":[{"embeddable":true,"href":"https:\/\/www.europesays.com\/de\/wp-json\/wp\/v2\/comments?post=599911"}],"version-history":[{"count":0,"href":"https:\/\/www.europesays.com\/de\/wp-json\/wp\/v2\/posts\/599911\/revisions"}],"wp:featuredmedia":[{"embeddable":true,"href":"https:\/\/www.europesays.com\/de\/wp-json\/wp\/v2\/media\/599912"}],"wp:attachment":[{"href":"https:\/\/www.europesays.com\/de\/wp-json\/wp\/v2\/media?parent=599911"}],"wp:term":[{"taxonomy":"category","embeddable":true,"href":"https:\/\/www.europesays.com\/de\/wp-json\/wp\/v2\/categories?post=599911"},{"taxonomy":"post_tag","embeddable":true,"href":"https:\/\/www.europesays.com\/de\/wp-json\/wp\/v2\/tags?post=599911"}],"curies":[{"name":"wp","href":"https:\/\/api.w.org\/{rel}","templated":true}]}}