{"id":599915,"date":"2025-11-25T00:30:19","date_gmt":"2025-11-25T00:30:19","guid":{"rendered":"https:\/\/www.europesays.com\/de\/599915\/"},"modified":"2025-11-25T00:30:19","modified_gmt":"2025-11-25T00:30:19","slug":"nur-jeder-dritte-deutsche-verlaesst-sich-auf-us-schutzschirm","status":"publish","type":"post","link":"https:\/\/www.europesays.com\/de\/599915\/","title":{"rendered":"Nur jeder dritte Deutsche verl\u00e4sst sich auf US-Schutzschirm"},"content":{"rendered":"<p class=\"tspBHk1 tspBHk2\">Mit <a href=\"https:\/\/www.tagesspiegel.de\/politik\/der-befurchtete-eklat-bleibt-aus-trump-macht-es-merz-mit-seinen-monologen-leichter-als-erwartet-13810972.html?icid=in-text-link_14901551\" class=\"link link--internal\" data-gtm-class=\"article-text-link\" data-gtm-val=\"internal\" target=\"_blank\" rel=\"noopener\">US-Pr\u00e4sident Donald Trump<\/a> blicken die Deutschen erheblich kritischer auf die USA als zuvor. Drei von vier B\u00fcrgern (73 Prozent) bewerten die deutsch-amerikanischen Beziehungen als schlecht. Nur ein Viertel (27 Prozent) bezeichnen sie als gut, wie die Forsa-Umfrage \u201eThe Berlin Pulse\u201c im Auftrag der K\u00f6rber-Stiftung ergeben hat. <\/p>\n<p class=\"tspBHk1\"><a href=\"https:\/\/koerber-stiftung.de\/projekte\/the-berlin-pulse\/2024-25\/\" target=\"_blank\" rel=\"noopener\" class=\"link link--external\" data-gtm-class=\"article-text-link\" data-gtm-val=\"external\" aria-describedby=\"message-target-blank\">Vor einem Jahr hatten noch 74 Prozent der Deutschen das Verh\u00e4ltnis zu den USA als gut bewertet.<\/a> Im Januar dann l\u00f6ste Trump Joe Biden im Wei\u00dfen Haus ab. Die j\u00fcngsten Daten wurde im September erhoben; sie liegen dem Tagesspiegel vor.<\/p>\n<p class=\"tspBHk1\">Nur noch jeder dritte Deutsche (35 Prozent) verl\u00e4sst sich auf den <a href=\"https:\/\/www.tagesspiegel.de\/internationales\/von-spahn-ausgeloste-debatte-braucht-deutschland-zugriff-auf-europaische-atomwaffen-13954949.html?icid=in-text-link_14901551\" class=\"link link--internal\" data-gtm-class=\"article-text-link\" data-gtm-val=\"internal\" target=\"_blank\" rel=\"noopener\">nuklearen Schutzschirm der USA<\/a>. Drei Viertel der B\u00fcrger pl\u00e4dieren daf\u00fcr, dass sich Deutschland um den nuklearen Schutzschirm von Frankreich und Gro\u00dfbritannien bem\u00fchen sollte.<\/p>\n<p><a href=\"https:\/\/www.tagesspiegel.de\/internationales\/von-spahn-ausgeloste-debatte-braucht-deutschland-zugriff-auf-europaische-atomwaffen-13954949.html?icid=single-topic_14901551___\" data-gtm-class=\"article-mzt-link\" class=\"tspB5ni\" target=\"_blank\" rel=\"noopener\">Von Spahn ausgel\u00f6ste Debatte Braucht Deutschland Zugriff auf europ\u00e4ische Atomwaffen? <\/a><\/p>\n<p class=\"tspBHk1\">Anders als in den letzten drei Jahren sehen die Deutschen inzwischen wieder Frankreich als wichtigsten au\u00dfenpolitischen Partner Deutschlands. So \u00e4u\u00dfern sich 46 Prozent, nur noch 26 Prozent nennen die USA. <\/p>\n<p class=\"tspBHk1\">Schon unter Trumps erster Amtszeit sahen die Deutschen die USA als engsten Verb\u00fcndeten, unter Bidens Pr\u00e4sidentschaft war es dann anders. Jeweils zwei Prozent bezeichnen China, Gro\u00dfbritannien, Polen und Russland als engsten Partner. Eine gr\u00f6\u00dfere Rolle Russlands sehen nur die Anh\u00e4nger von <a href=\"https:\/\/www.tagesspiegel.de\/politik\/wo-die-spenden-fur-die-parteigrundung-hingehen-sahra-wagenknecht-und-ihr-bankier-10839364.html?icid=in-text-link_14901551\" class=\"link link--internal\" data-gtm-class=\"article-text-link\" data-gtm-val=\"internal\" target=\"_blank\" rel=\"noopener\">BSW<\/a> und AfD. 13 Prozent der Anh\u00e4nger der Wagenknecht-Partei sehen in Moskau den wichtigsten Partner, und vier Prozent der AfD-W\u00e4hler.  <\/p>\n<p> Politische Mitte will mehr Engagement Deutschlands <\/p>\n<p class=\"tspBHk1\">Uneins sind die Deutschen, ob ihr Land sich bei internationalen Krisen st\u00e4rker engagieren sollte. 48 Prozent sind daf\u00fcr, 43 Prozent sind dagegen. Eine klare Mehrheit der Anh\u00e4nger von Union, SPD, Gr\u00fcnen und FDP und Linken pl\u00e4diert f\u00fcr ein st\u00e4rkeres Engagement Berlins bei Krisen. Die Anh\u00e4nger der Linken vertreten diese Auffassung (65 Prozent) sogar etwa st\u00e4rker als die der Union (61 Prozent).   <\/p>\n<p class=\"tspBHk1\">Eine klare Mehrheit verneint die Frage, ob Deutschland neben seiner wirtschaftlichen F\u00fchrungsrolle eine milit\u00e4rische F\u00fchrungsrolle \u00fcbernehmen soll. Dies lehnen 61 Prozent ab, nur 38 Prozent sind daf\u00fcr. Mehrheitlich daf\u00fcr sind nur die Anh\u00e4nger von Union und FDP.<\/p>\n<p class=\"tspBHk1\">In der Ukraine und Russlands Krieg gegen die Ukraine sehen mit 45 Prozent die meisten Befragten die gr\u00f6\u00dfte Herausforderung der deutschen Politik. Israel nennen 33 Prozent, den Nahen und Mittleren Osten 6 Prozent. Die Umfrage wurde vor der <a href=\"https:\/\/www.tagesspiegel.de\/internationales\/waffenruhe-im-gazastreifen-die-menschen-haben-eine-tiefe-sehnsucht-nach-ein-bisschen-normalitat-14873243.html?icid=in-text-link_14901551\" class=\"link link--internal\" data-gtm-class=\"article-text-link\" data-gtm-val=\"internal\" target=\"_blank\" rel=\"noopener\">Gaza-Waffenruhe<\/a> erstellt.<\/p>\n<p> Mehr zum Thema <a href=\"https:\/\/www.tagesspiegel.de\/internationales\/krieg-in-der-ukraine-trump-ukraine-soll-us-plan-bis-donnerstag-akzeptieren-14910212.html?icid=topic-list_14901551___\" data-gtm-class=\"article-mzt-link\" class=\"tspB5ni\" target=\"_blank\" rel=\"noopener\">Krieg in der Ukraine Trump: Ukraine soll US-Plan bis Donnerstag akzeptieren <\/a><a href=\"https:\/\/www.tagesspiegel.de\/internationales\/neuer-friedensvorstoss-der-usa-das-ist-der-28-punkte-plan-fur-die-ukraine-im-wortlaut-14903711.html?icid=topic-list_14901551___\" data-gtm-class=\"article-mzt-link\" class=\"tspB5ni\" target=\"_blank\" rel=\"noopener\">Neuer Friedensvorsto\u00df von Trump Das ist der 28-Punkte-Plan f\u00fcr die Ukraine im Wortlaut <\/a><a href=\"https:\/\/www.tagesspiegel.de\/politik\/aussenpolitische-herausforderungen-deutschland-mangelt-es-an-strategischem-denken-12900700.html?icid=topic-list_14901551___\" data-gtm-class=\"article-mzt-link\" class=\"tspB5ni\" target=\"_blank\" rel=\"noopener\">Karl Kaiser zur Au\u00dfenpolitik \u201eDeutschland mangelt es an strategischem Denken\u201c <\/a><\/p>\n<p class=\"tspBHk1\">Die Deutschen halten das eigene Verteidigungsbudget f\u00fcr gr\u00f6\u00dfer als es wirklich ist. So sagen 35 Prozent der Befragten, Deutschland gebe \u00fcber 5 Prozent seiner Wirtschaftsleistung f\u00fcr Verteidigung aus. 29 Prozent nennen einen Betrag zwischen 3 und 5 Prozent des BIP. 22 Prozent der Befragten sagen, Deutschland gebe 2 Prozent des BIP aus, und 4 Prozent sagen, 1 Prozent des BIP werde f\u00fcr Verteidigung ausgegeben.<\/p>\n<p class=\"tspBHk1\">Deutschland gibt in diesem Jahr 2,4 Prozent des BIP f\u00fcr Verteidigung aus. Die Nato will dieses Ziel auf 5 Prozent erh\u00f6hen, was Ausgaben f\u00fcr sicherheitsrelevante Infrastruktur einschlie\u00dft. <\/p>\n<p> Bundesb\u00fcrger misstrauen Putin <\/p>\n<p class=\"tspBHk1\">Das Vertrauen der Deutschen in Russlands Pr\u00e4sidenten Wladimir Putin ist gering. Drei von vier Befragten (76 Prozent) sagen, Putin setze auf eine Beendigung des Krieges gegen die Ukraine ausschlie\u00dflich durch einen milit\u00e4rischen Sieg. Jeder f\u00fcnfte Deutsche (21 Prozent) sagt, Putin sei an einer Verhandlungsl\u00f6sung interessiert. <\/p>\n<p class=\"tspBHk1\">Ganz anders sehen es die Sympathisanten von AfD und BSW. Unter den AfD-Anh\u00e4ngern sagen 51 Prozent, Putin setze auf eine Verhandlungsl\u00f6sung, und 43 Prozent allein auf einen milit\u00e4rischen Sieg. Jeder zweite BSW-Anh\u00e4nger (50 Prozent) sieht einen Verhandler Putin; 42 Prozent sagen, er setze allein auf einen milit\u00e4rischen Sieg.    <\/p>\n","protected":false},"excerpt":{"rendered":"Mit US-Pr\u00e4sident Donald Trump blicken die Deutschen erheblich kritischer auf die USA als zuvor. Drei von vier B\u00fcrgern&hellip;\n","protected":false},"author":2,"featured_media":599916,"comment_status":"","ping_status":"","sticky":false,"template":"","format":"standard","meta":{"footnotes":""},"categories":[3974],"tags":[186,331,332,1157,106,548,663,3934,187,3980,156,551,13,411,6555,14,1159,15,3917,307,12,317,64,306],"class_list":{"0":"post-599915","1":"post","2":"type-post","3":"status-publish","4":"format-standard","5":"has-post-thumbnail","7":"category-frankreich","8":"tag-afd","9":"tag-aktuelle-nachrichten","10":"tag-aktuelle-news","11":"tag-aussenpolitik","12":"tag-donald-trump","13":"tag-eu","14":"tag-europa","15":"tag-europe","16":"tag-fdp","17":"tag-france","18":"tag-frankreich","19":"tag-grossbritannien","20":"tag-headlines","21":"tag-israel","22":"tag-joe-biden","23":"tag-nachrichten","24":"tag-nato","25":"tag-news","26":"tag-polen","27":"tag-russland","28":"tag-schlagzeilen","29":"tag-ukraine","30":"tag-usa","31":"tag-wladimir-putin"},"share_on_mastodon":{"url":"https:\/\/pubeurope.com\/@de\/115607517524608982","error":""},"_links":{"self":[{"href":"https:\/\/www.europesays.com\/de\/wp-json\/wp\/v2\/posts\/599915","targetHints":{"allow":["GET"]}}],"collection":[{"href":"https:\/\/www.europesays.com\/de\/wp-json\/wp\/v2\/posts"}],"about":[{"href":"https:\/\/www.europesays.com\/de\/wp-json\/wp\/v2\/types\/post"}],"author":[{"embeddable":true,"href":"https:\/\/www.europesays.com\/de\/wp-json\/wp\/v2\/users\/2"}],"replies":[{"embeddable":true,"href":"https:\/\/www.europesays.com\/de\/wp-json\/wp\/v2\/comments?post=599915"}],"version-history":[{"count":0,"href":"https:\/\/www.europesays.com\/de\/wp-json\/wp\/v2\/posts\/599915\/revisions"}],"wp:featuredmedia":[{"embeddable":true,"href":"https:\/\/www.europesays.com\/de\/wp-json\/wp\/v2\/media\/599916"}],"wp:attachment":[{"href":"https:\/\/www.europesays.com\/de\/wp-json\/wp\/v2\/media?parent=599915"}],"wp:term":[{"taxonomy":"category","embeddable":true,"href":"https:\/\/www.europesays.com\/de\/wp-json\/wp\/v2\/categories?post=599915"},{"taxonomy":"post_tag","embeddable":true,"href":"https:\/\/www.europesays.com\/de\/wp-json\/wp\/v2\/tags?post=599915"}],"curies":[{"name":"wp","href":"https:\/\/api.w.org\/{rel}","templated":true}]}}