{"id":599924,"date":"2025-11-25T00:35:16","date_gmt":"2025-11-25T00:35:16","guid":{"rendered":"https:\/\/www.europesays.com\/de\/599924\/"},"modified":"2025-11-25T00:35:16","modified_gmt":"2025-11-25T00:35:16","slug":"europaeische-vergleichsstudie-deutschland-schlusslicht-bei-ausgaben-fuer-bildung","status":"publish","type":"post","link":"https:\/\/www.europesays.com\/de\/599924\/","title":{"rendered":"Europ\u00e4ische Vergleichsstudie &#8211; Deutschland Schlusslicht bei Ausgaben f\u00fcr Bildung"},"content":{"rendered":"<p>                    <img decoding=\"async\" loading=\"lazy\" class=\"internal-image\" title=\"Ein Lehrerin schreibt eine Mathematikaufgabe auf eine digitale Schultafel im Klassenraum einer Schulklasse.\" alt=\"Ein Lehrerin schreibt eine Mathematikaufgabe auf eine digitale Schultafel im Klassenraum einer Schulklasse.\" src=\"https:\/\/www.europesays.com\/de\/wp-content\/uploads\/2025\/11\/lehrerin-matheunterricht-100-1920x1080.jpg\" \/><\/p>\n<p>                  Im Bereich Bildung liegt Deutschland laut Analyse unter dem Schnitt. (picture alliance \/ dpa \/ Julian Stratenschulte)<\/p>\n<p>Demgegen\u00fcber gibt Deutschland mehr Geld f\u00fcr soziale Sicherung aus als etwa die lange f\u00fcr ihren Wohlfahrtsstaat bekannten skandinavischen L\u00e4nder. 41 Prozent des deutschen Etats flie\u00dfen in Renten,- Kranken- und Arbeitslosenversicherung oder ins B\u00fcrgergeld. In Skandinavien sind es 40 Prozent. Der EU-Durchschnitt liegt bei 39 Prozent.<\/p>\n<p>Besonders hoch sind hierzulande laut Studie auch die Aufwendungen f\u00fcr die \u00f6ffentliche Verwaltung. Sie seien von 2001 bis 2023 von gut sieben auf elf Prozent gestiegen.<\/p>\n<p>                <a title=\"Link auf: Das IW hat die Ausgaben f\u00fcr die Jahre 2001 bis 2023 untersucht\" target=\"_blank\" href=\"https:\/\/www.iwkoeln.de\/fileadmin\/user_upload\/Studien\/Report\/PDF\/2025\/IW-Report_2025-%C3%96ffentl-Ausgaben-internationaler-Vergleich.pdf\" class=\"click-tracking-paragraph\" data-tracking=\"{&quot;name&quot;:&quot;Link in Beitrag&quot;,&quot;chapter1&quot;:&quot;https:\/\/www.iwkoeln.de\/fileadmin\/user_upload\/Studien\/Report\/PDF\/2025\/IW-Report_2025-%C3%96ffentl-Ausgaben-internationaler-Vergleich.pdf&quot;,&quot;chapter2&quot;:&quot;Das IW hat die Ausgaben f\u00fcr die Jahre 2001 bis 2023 untersucht&quot;,&quot;chapter3&quot;:&quot;Europ\u00e4ische Vergleichsstudie - Deutschland Schlusslicht bei Ausgaben f\u00fcr Bildung&quot;,&quot;level2&quot;:2}\" rel=\"nofollow noopener\">Das IW hat die Ausgaben f\u00fcr die Jahre 2001 bis 2023 untersucht<\/a>. Als Vergleichsstaaten wurden die Benelux-L\u00e4nder, \u00d6sterreich, die Schweiz, D\u00e4nemark, Schweden, Norwegen, Finnland und Island herangezogen. Sie seien mit Blick auf ihre wirtschaftliche Entwicklung und kulturelle Pr\u00e4gung Deutschland relativ \u00e4hnlich.<\/p>\n<p>Diese Nachricht wurde am 25.11.2025 im Programm Deutschlandfunk gesendet.<\/p>\n","protected":false},"excerpt":{"rendered":"Im Bereich Bildung liegt Deutschland laut Analyse unter dem Schnitt. (picture alliance \/ dpa \/ Julian Stratenschulte) Demgegen\u00fcber&hellip;\n","protected":false},"author":2,"featured_media":599925,"comment_status":"","ping_status":"","sticky":false,"template":"","format":"standard","meta":{"footnotes":""},"categories":[2],"tags":[331,3924,332,3922,3364,29,30,13,14,3923,15,3921,12],"class_list":{"0":"post-599924","1":"post","2":"type-post","3":"status-publish","4":"format-standard","5":"has-post-thumbnail","7":"category-deutschland","8":"tag-aktuelle-nachrichten","9":"tag-aktuelle-nachrichten-aus-deutschland","10":"tag-aktuelle-news","11":"tag-aktuelle-news-aus-deutschland","12":"tag-de","13":"tag-deutschland","14":"tag-germany","15":"tag-headlines","16":"tag-nachrichten","17":"tag-nachrichten-aus-deutschland","18":"tag-news","19":"tag-news-aus-deutschland","20":"tag-schlagzeilen"},"share_on_mastodon":{"url":"https:\/\/pubeurope.com\/@de\/115607537947755601","error":""},"_links":{"self":[{"href":"https:\/\/www.europesays.com\/de\/wp-json\/wp\/v2\/posts\/599924","targetHints":{"allow":["GET"]}}],"collection":[{"href":"https:\/\/www.europesays.com\/de\/wp-json\/wp\/v2\/posts"}],"about":[{"href":"https:\/\/www.europesays.com\/de\/wp-json\/wp\/v2\/types\/post"}],"author":[{"embeddable":true,"href":"https:\/\/www.europesays.com\/de\/wp-json\/wp\/v2\/users\/2"}],"replies":[{"embeddable":true,"href":"https:\/\/www.europesays.com\/de\/wp-json\/wp\/v2\/comments?post=599924"}],"version-history":[{"count":0,"href":"https:\/\/www.europesays.com\/de\/wp-json\/wp\/v2\/posts\/599924\/revisions"}],"wp:featuredmedia":[{"embeddable":true,"href":"https:\/\/www.europesays.com\/de\/wp-json\/wp\/v2\/media\/599925"}],"wp:attachment":[{"href":"https:\/\/www.europesays.com\/de\/wp-json\/wp\/v2\/media?parent=599924"}],"wp:term":[{"taxonomy":"category","embeddable":true,"href":"https:\/\/www.europesays.com\/de\/wp-json\/wp\/v2\/categories?post=599924"},{"taxonomy":"post_tag","embeddable":true,"href":"https:\/\/www.europesays.com\/de\/wp-json\/wp\/v2\/tags?post=599924"}],"curies":[{"name":"wp","href":"https:\/\/api.w.org\/{rel}","templated":true}]}}