{"id":599926,"date":"2025-11-25T00:36:25","date_gmt":"2025-11-25T00:36:25","guid":{"rendered":"https:\/\/www.europesays.com\/de\/599926\/"},"modified":"2025-11-25T00:36:25","modified_gmt":"2025-11-25T00:36:25","slug":"vitamin-d-alttextilien-feministischer-aktivismus-in-bonn-hier-und-jetzt-studio-eins-e-v","status":"publish","type":"post","link":"https:\/\/www.europesays.com\/de\/599926\/","title":{"rendered":"Vitamin D, Alttextilien, Feministischer Aktivismus in Bonn | Hier und Jetzt | Studio Eins e.V."},"content":{"rendered":"<p class=\"card__subtitle\"> Lokalmagazin von Studio Eins e.V. aus K\u00f6nigswinter <\/p>\n<p>Im Winter greifen viele Menschen zu Nahrungserg\u00e4nzungsmitteln mit Vitamin D. \u00c4rztin Eva Henneken aus Bonn erkl\u00e4rt, wann Vitamin-D-Supplements sinnvoll sind. Insbesondere Diabetiker*innen k\u00f6nnen Vitamin D oft schlechter aufnehmen. Frauen leiden h\u00e4ufiger an Vitamin-D-Mangel als M\u00e4nner. Eva Henneken erkl\u00e4rt, wem sie die Einnahme von Vitamin D und in welchen Mengen empfiehlt. Vertreter von RSAG und &#8222;bonnorange&#8220; erl\u00e4utern die neue Pflicht zur getrennten Altkleidersammlung. Sie sprechen \u00fcber die Problematik verm\u00fcllter Container und Wege zum <a href=\"https:\/\/www.nrwision.de\/mediathek\/themen\/recycling\" rel=\"nofollow noopener\" target=\"_blank\">Recycling<\/a>. Und: &#8222;Hier und Jetzt&#8220; blickt mit der Frauenrechtlerin Florence Herv\u00e9 auf den feministischen Aktivismus im Bonn der 1960er- und 70er-Jahre. Dar\u00fcber hinaus spricht Leiter J\u00f6rg Janotte \u00fcber die Gr\u00fcndung der Siegburger Kinderfeuerwehr.<\/p>\n","protected":false},"excerpt":{"rendered":"Lokalmagazin von Studio Eins e.V. aus K\u00f6nigswinter Im Winter greifen viele Menschen zu Nahrungserg\u00e4nzungsmitteln mit Vitamin D. \u00c4rztin&hellip;\n","protected":false},"author":2,"featured_media":599927,"comment_status":"","ping_status":"","sticky":false,"template":"","format":"standard","meta":{"footnotes":""},"categories":[1842],"tags":[22233,54204,1741,3364,29,85335,11393,985,30,1114,4103,4611,1209,11060,4610],"class_list":{"0":"post-599926","1":"post","2":"type-post","3":"status-publish","4":"format-standard","5":"has-post-thumbnail","7":"category-bonn","8":"tag-aktivismus","9":"tag-altkleider","10":"tag-bonn","11":"tag-de","12":"tag-deutschland","13":"tag-emanzipation","14":"tag-feminismus","15":"tag-feuerwehr","16":"tag-germany","17":"tag-kinder","18":"tag-muell","19":"tag-nahrungsergaenzungsmittel","20":"tag-nordrhein-westfalen","21":"tag-textil","22":"tag-vitamin-d"},"share_on_mastodon":{"url":"https:\/\/pubeurope.com\/@de\/115607541169857499","error":""},"_links":{"self":[{"href":"https:\/\/www.europesays.com\/de\/wp-json\/wp\/v2\/posts\/599926","targetHints":{"allow":["GET"]}}],"collection":[{"href":"https:\/\/www.europesays.com\/de\/wp-json\/wp\/v2\/posts"}],"about":[{"href":"https:\/\/www.europesays.com\/de\/wp-json\/wp\/v2\/types\/post"}],"author":[{"embeddable":true,"href":"https:\/\/www.europesays.com\/de\/wp-json\/wp\/v2\/users\/2"}],"replies":[{"embeddable":true,"href":"https:\/\/www.europesays.com\/de\/wp-json\/wp\/v2\/comments?post=599926"}],"version-history":[{"count":0,"href":"https:\/\/www.europesays.com\/de\/wp-json\/wp\/v2\/posts\/599926\/revisions"}],"wp:featuredmedia":[{"embeddable":true,"href":"https:\/\/www.europesays.com\/de\/wp-json\/wp\/v2\/media\/599927"}],"wp:attachment":[{"href":"https:\/\/www.europesays.com\/de\/wp-json\/wp\/v2\/media?parent=599926"}],"wp:term":[{"taxonomy":"category","embeddable":true,"href":"https:\/\/www.europesays.com\/de\/wp-json\/wp\/v2\/categories?post=599926"},{"taxonomy":"post_tag","embeddable":true,"href":"https:\/\/www.europesays.com\/de\/wp-json\/wp\/v2\/tags?post=599926"}],"curies":[{"name":"wp","href":"https:\/\/api.w.org\/{rel}","templated":true}]}}