{"id":599942,"date":"2025-11-25T00:45:31","date_gmt":"2025-11-25T00:45:31","guid":{"rendered":"https:\/\/www.europesays.com\/de\/599942\/"},"modified":"2025-11-25T00:45:31","modified_gmt":"2025-11-25T00:45:31","slug":"radebeuler-gaestefuehrer-jens-scherf-als-tourismusheld-geehrt","status":"publish","type":"post","link":"https:\/\/www.europesays.com\/de\/599942\/","title":{"rendered":"Radebeuler G\u00e4stef\u00fchrer Jens Scherf als Tourismusheld geehrt"},"content":{"rendered":"<p>Wahrlich ein Held. Die Stadt Radebeul gratuliert Jens Scherf herzlich zu seiner Auszeichnung als \u201eTourismusheld 2025 in Sachsen\u201c. Der engagierte G\u00e4stef\u00fchrer und Weing\u00e4stef\u00fchrer aus Radebeul erhielt die Ehrung neben weiteren Preistr\u00e4gern vom Landestourismusverband Sachsen im Rahmen der Messe \u201eTourismus &amp; Caravaning\u201c in Leipzig, teilte die Stadtverwaltung mit.\u00a0<\/p>\n<p>Die Auszeichnung \u201eTourismushelden\u201c w\u00fcrdigt Pers\u00f6nlichkeiten, die mit Leidenschaft, Kreativit\u00e4t und hohem pers\u00f6nlichem Einsatz den Tourismusstandort Sachsen bereichern. Jens Scherf verk\u00f6rpert diese Eigenschaften in besonderem Ma\u00dfe. Als Botschafter der Region Elbland begeistert er G\u00e4ste aus nah und fern f\u00fcr die kulturellen Sch\u00e4tze und die Weinbaukultur der Region. Bekannt ist er auch durch seinen F\u00fchrungen \u00fcber den Friedhof in Radebeul-Ost.\u00a0\u201eJens Scherf f\u00fchrt die Menschen nicht nur zu den sch\u00f6nsten Orten, sondern vermittelt mit gro\u00dfer Fachkenntnis und sp\u00fcrbarer Leidenschaft die Geschichten, die dahinterstecken. Er ist ein wahrer Botschafter f\u00fcr Radebeul und das S\u00e4chsische Elbland. Diese Auszeichnung ist eine tolle Anerkennung f\u00fcr sein unerm\u00fcdliches Schaffen\u201c, so Sven Bieligk vom Stadtmarketing.<\/p>\n<p>\u201eDie Stadt Radebeul ist stolz, dass mit Jens Scherf ein aktiver Mitgestalter der hiesigen Tourismuslandschaft diese bedeutende Ehrung erhalten hat. Sein Wirken tr\u00e4gt ma\u00dfgeblich dazu bei, die Attraktivit\u00e4t der Region als Reiseziel zu steigern und G\u00e4ste nachhaltig zu begeistern\u201c, erg\u00e4nzt Bereichsleiterin Daniela Bollmann.<\/p>\n","protected":false},"excerpt":{"rendered":"Wahrlich ein Held. Die Stadt Radebeul gratuliert Jens Scherf herzlich zu seiner Auszeichnung als \u201eTourismusheld 2025 in Sachsen\u201c.&hellip;\n","protected":false},"author":2,"featured_media":599943,"comment_status":"","ping_status":"","sticky":false,"template":"","format":"standard","meta":{"footnotes":""},"categories":[1835],"tags":[3364,29,2386,30,143292,6906,859,143293,143294],"class_list":{"0":"post-599942","1":"post","2":"type-post","3":"status-publish","4":"format-standard","5":"has-post-thumbnail","7":"category-dresden","8":"tag-de","9":"tag-deutschland","10":"tag-dresden","11":"tag-germany","12":"tag-jens-scherf","13":"tag-radebeul","14":"tag-sachsen","15":"tag-tourismusheld","16":"tag-weingstefhrer"},"share_on_mastodon":{"url":"https:\/\/pubeurope.com\/@de\/115607576446923464","error":""},"_links":{"self":[{"href":"https:\/\/www.europesays.com\/de\/wp-json\/wp\/v2\/posts\/599942","targetHints":{"allow":["GET"]}}],"collection":[{"href":"https:\/\/www.europesays.com\/de\/wp-json\/wp\/v2\/posts"}],"about":[{"href":"https:\/\/www.europesays.com\/de\/wp-json\/wp\/v2\/types\/post"}],"author":[{"embeddable":true,"href":"https:\/\/www.europesays.com\/de\/wp-json\/wp\/v2\/users\/2"}],"replies":[{"embeddable":true,"href":"https:\/\/www.europesays.com\/de\/wp-json\/wp\/v2\/comments?post=599942"}],"version-history":[{"count":0,"href":"https:\/\/www.europesays.com\/de\/wp-json\/wp\/v2\/posts\/599942\/revisions"}],"wp:featuredmedia":[{"embeddable":true,"href":"https:\/\/www.europesays.com\/de\/wp-json\/wp\/v2\/media\/599943"}],"wp:attachment":[{"href":"https:\/\/www.europesays.com\/de\/wp-json\/wp\/v2\/media?parent=599942"}],"wp:term":[{"taxonomy":"category","embeddable":true,"href":"https:\/\/www.europesays.com\/de\/wp-json\/wp\/v2\/categories?post=599942"},{"taxonomy":"post_tag","embeddable":true,"href":"https:\/\/www.europesays.com\/de\/wp-json\/wp\/v2\/tags?post=599942"}],"curies":[{"name":"wp","href":"https:\/\/api.w.org\/{rel}","templated":true}]}}