{"id":599961,"date":"2025-11-25T00:56:28","date_gmt":"2025-11-25T00:56:28","guid":{"rendered":"https:\/\/www.europesays.com\/de\/599961\/"},"modified":"2025-11-25T00:56:28","modified_gmt":"2025-11-25T00:56:28","slug":"fortuna-duesseldorf-suche-nach-allofs-nachfolger-laeuft","status":"publish","type":"post","link":"https:\/\/www.europesays.com\/de\/599961\/","title":{"rendered":"Fortuna D\u00fcsseldorf: Suche nach Allofs-Nachfolger l\u00e4uft"},"content":{"rendered":"<p>                <img fetchpriority=\"high\" decoding=\"async\" aria-describedby=\"caption-attachment-298327\" class=\"wp-image-298327 size-full\" src=\"https:\/\/www.europesays.com\/de\/wp-content\/uploads\/2025\/11\/klaus-allofs-duesseldorf-18-11-2020-imago-images-laci-perenyi-0048545931h.jpg\" alt=\"\u00a9 IMAGO \/ Laci Perenyi\" width=\"1600\" height=\"1067\"  \/><\/p>\n<p id=\"caption-attachment-298327\" class=\"wp-caption-text\">Seit September 2020 im Fortuna-Vorstand: Klaus Allofs. \u00a9 IMAGO \/ Laci Perenyi<\/p>\n<p>Mit dem ebenso sp\u00e4ten wie gemessen am Spielverlauf gl\u00fccklichen 2:1-Sieg gegen den 1. FC Magdeburg hat sich <a href=\"https:\/\/www.liga-zwei.de\/vereine\/fortuna-duesseldorf\/\" rel=\"nofollow noopener\" target=\"_blank\">Fortuna D\u00fcsseldorf<\/a> am vergangenen Wochenende etwas Luft verschafft und nun immerhin vier Punkte Vorsprung auf Relegationsplatz 16. Nach wie vor sind die Rheinl\u00e4nder aber weit vom eigenen Anspruch und vom eigentlichen Ziel, um den Aufstieg mitzuspielen, entfernt.<\/p>\n<p>Die Hoffnung darauf, mit dem neuen Trainer Markus Anfang in die Spur finden zu k\u00f6nnen, wurde mit dem Erfolg \u00fcber Magdeburg indes gest\u00e4rkt, wobei f\u00fcr einen l\u00e4ngerfristigen Aufschwung auch Korrekturen auf dem winterlichen Transfermarkt vorgesehen sein d\u00fcrften, <a href=\"https:\/\/www.liga-zwei.de\/fortuna-duesseldorf-klaus-allofs-deutet-wintertransfers-an\/\" rel=\"nofollow noopener\" target=\"_blank\">wie Sportvorstand Klaus Allofs bereits angedeutet hat<\/a>.<\/p>\n<p>Aktuell ist davon auszugehen, dass Allofs die Januar-Transferperiode zusammen mit Sportdirektor Christian Weber und in Absprache mit Coach Anfang verantworten wird. Wie lange der 68-J\u00e4hrige noch die Geschicke der Fortuna leiten wird, ist allerdings offen. Denn Allofs\u2018 Vertrag l\u00e4uft am 30. Juni 2026 aus und <a href=\"https:\/\/www.liga-zwei.de\/fortuna-duesseldorf-laeuft-die-zeit-von-klaus-allofs-ab\/\" rel=\"nofollow noopener\" target=\"_blank\">schon seit l\u00e4ngerem<\/a> wird dar\u00fcber spekuliert, dass f\u00fcr den geb\u00fcrtigen D\u00fcsseldorfer dann sp\u00e4testens Schluss sein k\u00f6nnte.<\/p>\n<p>Allofs im Winter wohl noch zust\u00e4ndig \u2013 und dann?<\/p>\n<p>Wie nun \u201eSky\u201c berichtet, ist ein Aus von Allofs alles andere als ausgeschlossen und sogar auch schon vor dem Vertragsende denkbar, sollte der Aufsichtsrat zu der Entscheidung kommen, auf der Ebene der sportlichen Leitung einen neuen Weg einschlagen zu wollen. Hinter den Kulissen soll \u201eSky\u201c zufolge in jedem Fall schon die Suche nach einem Allofs-Nachfolger laufen.<\/p>\n<p>Details dazu gibt es bisher keine, doch w\u00fcrde eine \u00c4nderung auf dem so wichtigen Posten nur mit einiger Vorlaufzeit zu einer Transferperiode Sinn ergeben, um dem neuen Mann die Gelegenheit zu geben, seine Vorstellungen umzusetzen.<\/p>\n<p>Wahrscheinlich ist deshalb, dass Allofs im Winter noch f\u00fcr die Kaderplanung zust\u00e4ndig sein wird. Und sollte sich in den n\u00e4chsten Wochen abzeichnen, dass es keine gemeinsame Zukunft \u00fcber den Sommer 2026 hinaus geben wird, ist vom Einstieg des Nachfolgers bereits im Laufe des Fr\u00fchjahres auszugehen.<\/p>\n<p>Mehr News zu Fortuna D\u00fcsseldorf? Dann folge gerne auch unserer <a href=\"https:\/\/www.facebook.com\/people\/Fortuna-D%C3%BCsseldorf-Nachrichten\/61554496026049\/\" target=\"_blank\" rel=\"noopener nofollow\">Fortuna-Seite auf Facebook<\/a>!<\/p>\n<p><img loading=\"lazy\" decoding=\"async\" src=\"https:\/\/www.europesays.com\/de\/wp-content\/uploads\/2025\/11\/55b3fa03434947ebb268de1bc89aff36.gif\" alt=\"&quot;\" width=\"1\" height=\"1\"\/><\/p>\n<p>                <img loading=\"lazy\" width=\"160\" height=\"170\" src=\"https:\/\/www.europesays.com\/de\/wp-content\/uploads\/2025\/05\/avatar_johannes_ketterl-283x300.png\" class=\"db grow\" alt=\"avatar johannes ketterl\" style=\"object-fit:contain; max-width: 80px;\" decoding=\"async\"  \/>            <\/p>\n","protected":false},"excerpt":{"rendered":"Seit September 2020 im Fortuna-Vorstand: Klaus Allofs. \u00a9 IMAGO \/ Laci Perenyi Mit dem ebenso sp\u00e4ten wie gemessen&hellip;\n","protected":false},"author":2,"featured_media":599962,"comment_status":"","ping_status":"","sticky":false,"template":"","format":"standard","meta":{"footnotes":""},"categories":[1831],"tags":[3364,29,3405,3132,30,27235,1209],"class_list":{"0":"post-599961","1":"post","2":"type-post","3":"status-publish","4":"format-standard","5":"has-post-thumbnail","7":"category-duesseldorf","8":"tag-de","9":"tag-deutschland","10":"tag-duesseldorf","11":"tag-fortuna-duesseldorf","12":"tag-germany","13":"tag-klaus-allofs","14":"tag-nordrhein-westfalen"},"share_on_mastodon":{"url":"https:\/\/pubeurope.com\/@de\/115607620735416701","error":""},"_links":{"self":[{"href":"https:\/\/www.europesays.com\/de\/wp-json\/wp\/v2\/posts\/599961","targetHints":{"allow":["GET"]}}],"collection":[{"href":"https:\/\/www.europesays.com\/de\/wp-json\/wp\/v2\/posts"}],"about":[{"href":"https:\/\/www.europesays.com\/de\/wp-json\/wp\/v2\/types\/post"}],"author":[{"embeddable":true,"href":"https:\/\/www.europesays.com\/de\/wp-json\/wp\/v2\/users\/2"}],"replies":[{"embeddable":true,"href":"https:\/\/www.europesays.com\/de\/wp-json\/wp\/v2\/comments?post=599961"}],"version-history":[{"count":0,"href":"https:\/\/www.europesays.com\/de\/wp-json\/wp\/v2\/posts\/599961\/revisions"}],"wp:featuredmedia":[{"embeddable":true,"href":"https:\/\/www.europesays.com\/de\/wp-json\/wp\/v2\/media\/599962"}],"wp:attachment":[{"href":"https:\/\/www.europesays.com\/de\/wp-json\/wp\/v2\/media?parent=599961"}],"wp:term":[{"taxonomy":"category","embeddable":true,"href":"https:\/\/www.europesays.com\/de\/wp-json\/wp\/v2\/categories?post=599961"},{"taxonomy":"post_tag","embeddable":true,"href":"https:\/\/www.europesays.com\/de\/wp-json\/wp\/v2\/tags?post=599961"}],"curies":[{"name":"wp","href":"https:\/\/api.w.org\/{rel}","templated":true}]}}