{"id":599978,"date":"2025-11-25T01:07:12","date_gmt":"2025-11-25T01:07:12","guid":{"rendered":"https:\/\/www.europesays.com\/de\/599978\/"},"modified":"2025-11-25T01:07:12","modified_gmt":"2025-11-25T01:07:12","slug":"polizei-hamburg-sucht-vermisste-emilie-wiens","status":"publish","type":"post","link":"https:\/\/www.europesays.com\/de\/599978\/","title":{"rendered":"Polizei Hamburg sucht vermisste Emilie Wiens"},"content":{"rendered":"<p>Wo ist Emilie Wiens? <\/p>\n<p>Seit Montag spurlos verschwunden \u2013 Polizei fahndet nach junger Frau<\/p>\n<p>25.11.2025 &#8211; 01:02 UhrLesedauer: 1 Min.<\/p>\n<p><a href=\"#focus-0\" class=\"transition-colors duration-200 block text-current relative\" data-sctrack=\"FocusGalleryImage.Reference\"><img fetchpriority=\"high\" data-testid=\"Opener.Image\" style=\"--lqipURL:url('https:\/\/images.t-online.de\/2025\/11\/IzFfrpbrsGhF\/0x19:401x226\/fit-in\/150x0\/filters:blur(25)\/emilie-wiens-die-24-jaehrige-aus-hamburg-wird-vermisst.jpg')\"   loading=\"eager\" src=\"https:\/\/www.europesays.com\/de\/wp-content\/uploads\/2025\/11\/emilie-wiens-die-24-jaehrige-aus-hamburg-wird-vermisst.jpg\" alt=\"Emilie Wiens: Die 24-J\u00e4hrige aus Hamburg wird vermisst.\" title=\"Emilie Wiens: Die 24-J\u00e4hrige aus Hamburg wird vermisst.\" width=\"401\" height=\"226\" class=\"bg-[url:var(--lqipURL)] bg-cover bg-center flex h-full w-full max-w-full\" decoding=\"async\"\/><img style=\"--width:32;--height:32\" loading=\"lazy\" src=\"https:\/\/hamburg.t-online.de\/s\/paper\/_next\/static\/media\/zoom-in.f7dae02f.svg\" alt=\"Vergr\u00f6\u00dfern des Bildes\" title=\"Vergr\u00f6\u00dfern des Bildes\" class=\"block h-[calc(var(--height)_\/_16_*_1rem)] w-[calc(var(--width)_\/_16_*_1rem)] max-w-none absolute bottom-8 right-8 rounded-4 bg-snow p-8\" decoding=\"async\"\/><\/a><\/p>\n<p>Emilie Wiens: Die 24-J\u00e4hrige aus Hamburg wird vermisst. (Quelle: Polizei Hamburg)<\/p>\n<p class=\"font-bold text-18 leading-17\">Eine 24-J\u00e4hrige aus Hamburg-Lokstedt ist seit Montag verschwunden. Die Polizei fahndet \u00f6ffentlich, weil sie eine Eigengef\u00e4hrdung nicht ausschlie\u00dfen kann.<\/p>\n<p class=\"text-18 leading-17\">Die Polizei sucht in <a class=\"transition-colors duration-200 cursor-pointer text-inherit no-underline text-salemsfur md:hover:text-magenta md:hover:border-magenta md:focus:text-magenta border-current border-b border-solid break-words\" href=\"https:\/\/hamburg.t-online.de\/region\/hamburg\/\" data-sctrack=\"BodyAnchor\" target=\"_blank\" rel=\"noopener\">Hamburg<\/a> mit einem Foto nach einer vermissten Frau aus dem Stadtteil Lokstedt. F\u00fcr die 24-j\u00e4hrige Emilie Wiens kann eine Eigengef\u00e4hrdung nicht ausgeschlossen werdenm hei\u00dft es in einer Pressemitteilung der Beamten.<\/p>\n<p class=\"text-18 leading-17\">Die junge Frau verlie\u00df demnach am Montag (24. November 2025) gegen 13.30 Uhr ihre Wohnung am Grandweg und ist seitdem verschwunden. Bisherige Such- und \u00dcberpr\u00fcfungsma\u00dfnahmen der Kriminalpolizei blieben ohne Erfolg. Wegen der m\u00f6glichen Eigengef\u00e4hrdung hat ein Richter am Amtsgericht eine \u00d6ffentlichkeitsfahndung angeordnet. Konkretes zur Eigengef\u00e4hrung teilten die Ermittler nicht mit.<\/p>\n<p>Landeskriminalamt der Region Eimsb\u00fcttel f\u00fchrt die Ermittlungen.<\/p>\n<p class=\"text-18 leading-17\">Emilie Wiens ist etwa 1,80 Meter gro\u00df und kr\u00e4ftig gebaut. Sie hat mittellange, blonde Haare. Zuletzt trug sie einen braunen Parka, einen wei\u00dfen Pullover und silberne Schuhe.<\/p>\n<p class=\"text-18 leading-17\">Das Landeskriminalamt der Region Eimsb\u00fcttel f\u00fchrt die Ermittlungen. Hinweise zum Aufenthaltsort der Vermissten nimmt die Polizei unter der Telefonnummer 040\/4286-56789 entgegen. Wer die Frau auf der Stra\u00dfe sieht, kann auch den Polizeinotruf 110 w\u00e4hlen.<\/p>\n","protected":false},"excerpt":{"rendered":"Wo ist Emilie Wiens? Seit Montag spurlos verschwunden \u2013 Polizei fahndet nach junger Frau 25.11.2025 &#8211; 01:02 UhrLesedauer:&hellip;\n","protected":false},"author":2,"featured_media":599979,"comment_status":"","ping_status":"","sticky":false,"template":"","format":"standard","meta":{"footnotes":""},"categories":[1826],"tags":[722,3176,29,12342,11946,143303,30,692,143304,3824,44998,121],"class_list":{"0":"post-599978","1":"post","2":"type-post","3":"status-publish","4":"format-standard","5":"has-post-thumbnail","7":"category-hamburg","8":"tag-722","9":"tag-3176","10":"tag-deutschland","11":"tag-eigengefaehrdung","12":"tag-eimsbuettel","13":"tag-emilie-wiens","14":"tag-germany","15":"tag-hamburg","16":"tag-hamburg-lokstedt","17":"tag-lka","18":"tag-lokstedt","19":"tag-polizei"},"share_on_mastodon":{"url":"https:\/\/pubeurope.com\/@de\/115607663090959747","error":""},"_links":{"self":[{"href":"https:\/\/www.europesays.com\/de\/wp-json\/wp\/v2\/posts\/599978","targetHints":{"allow":["GET"]}}],"collection":[{"href":"https:\/\/www.europesays.com\/de\/wp-json\/wp\/v2\/posts"}],"about":[{"href":"https:\/\/www.europesays.com\/de\/wp-json\/wp\/v2\/types\/post"}],"author":[{"embeddable":true,"href":"https:\/\/www.europesays.com\/de\/wp-json\/wp\/v2\/users\/2"}],"replies":[{"embeddable":true,"href":"https:\/\/www.europesays.com\/de\/wp-json\/wp\/v2\/comments?post=599978"}],"version-history":[{"count":0,"href":"https:\/\/www.europesays.com\/de\/wp-json\/wp\/v2\/posts\/599978\/revisions"}],"wp:featuredmedia":[{"embeddable":true,"href":"https:\/\/www.europesays.com\/de\/wp-json\/wp\/v2\/media\/599979"}],"wp:attachment":[{"href":"https:\/\/www.europesays.com\/de\/wp-json\/wp\/v2\/media?parent=599978"}],"wp:term":[{"taxonomy":"category","embeddable":true,"href":"https:\/\/www.europesays.com\/de\/wp-json\/wp\/v2\/categories?post=599978"},{"taxonomy":"post_tag","embeddable":true,"href":"https:\/\/www.europesays.com\/de\/wp-json\/wp\/v2\/tags?post=599978"}],"curies":[{"name":"wp","href":"https:\/\/api.w.org\/{rel}","templated":true}]}}