{"id":599988,"date":"2025-11-25T01:12:36","date_gmt":"2025-11-25T01:12:36","guid":{"rendered":"https:\/\/www.europesays.com\/de\/599988\/"},"modified":"2025-11-25T01:12:36","modified_gmt":"2025-11-25T01:12:36","slug":"akkordeon-zum-instrument-des-jahres-gewaehlt","status":"publish","type":"post","link":"https:\/\/www.europesays.com\/de\/599988\/","title":{"rendered":"Akkordeon zum Instrument des Jahres gew\u00e4hlt"},"content":{"rendered":"<p>Berlin stellt das Instrument des Jahres am 22. Januar 2026 im Musikinstrumenten-Museum vor, Brandenburg bereits am 12. Januar im Filmmuseum Potsdam. Mit Aktionen und Veranstaltungen sollen die Landesmusikr\u00e4te zeigen, was dieses Instrument wirklich kann.\u200b<\/p>\n<p>Aber wer sind diese R\u00e4te \u00fcberhaupt? Jedes Bundesland hat einen \u2013 eine Art Dachverband, in dem sich alle Musikverb\u00e4nde und Musikinstitutionen zusammenschlie\u00dfen. Im Grunde sind das die Ansprechpartner der Politik f\u00fcr alles, was mit Musik zu tun hat. In Berlin zum Beispiel sind es 47 Verb\u00e4nde und mehr als zehn Einzelmitglieder. Das k\u00f6nnen Musikschulen sein, Chorverb\u00e4nde, Jazz-Clubs, Laienmusiker-Organisationen. Dazu kommen noch einzelne K\u00fcnstlerinnen und K\u00fcnstler &#8211; also alle, die sich mit Musik befassen.<\/p>\n<p>Seit 2008 k\u00fcren diese Landesmusikr\u00e4te jedes Jahr ein Instrument, um dessen musikalische Vielfalt zu w\u00fcrdigen. Zuletzt <a data-doctype=\"beitrag\" href=\"https:\/\/www.rbb24.de\/kultur\/beitrag\/2025\/01\/stimme-instrument-des-jahres-2025.html\" target=\"_blank\" rel=\"noopener\">war es das \u00e4lteste der Welt: die Stimme.<\/a> Mit dem Akkordeon haben sie sich f\u00fcr 2026 f\u00fcr einen echten Grenzg\u00e4nger entschieden \u2013 ein Instrument, das sowohl die Klangf\u00fclle eines ganzen Orchesters entfalten als auch zum Tr\u00e4umen einladen kann.<\/p>\n","protected":false},"excerpt":{"rendered":"Berlin stellt das Instrument des Jahres am 22. Januar 2026 im Musikinstrumenten-Museum vor, Brandenburg bereits am 12. Januar&hellip;\n","protected":false},"author":2,"featured_media":599989,"comment_status":"","ping_status":"","sticky":false,"template":"","format":"standard","meta":{"footnotes":""},"categories":[1825],"tags":[296,1890,29,30],"class_list":{"0":"post-599988","1":"post","2":"type-post","3":"status-publish","4":"format-standard","5":"has-post-thumbnail","7":"category-berlin","8":"tag-berlin","9":"tag-brandenburg","10":"tag-deutschland","11":"tag-germany"},"share_on_mastodon":{"url":"https:\/\/pubeurope.com\/@de\/115607682920605991","error":""},"_links":{"self":[{"href":"https:\/\/www.europesays.com\/de\/wp-json\/wp\/v2\/posts\/599988","targetHints":{"allow":["GET"]}}],"collection":[{"href":"https:\/\/www.europesays.com\/de\/wp-json\/wp\/v2\/posts"}],"about":[{"href":"https:\/\/www.europesays.com\/de\/wp-json\/wp\/v2\/types\/post"}],"author":[{"embeddable":true,"href":"https:\/\/www.europesays.com\/de\/wp-json\/wp\/v2\/users\/2"}],"replies":[{"embeddable":true,"href":"https:\/\/www.europesays.com\/de\/wp-json\/wp\/v2\/comments?post=599988"}],"version-history":[{"count":0,"href":"https:\/\/www.europesays.com\/de\/wp-json\/wp\/v2\/posts\/599988\/revisions"}],"wp:featuredmedia":[{"embeddable":true,"href":"https:\/\/www.europesays.com\/de\/wp-json\/wp\/v2\/media\/599989"}],"wp:attachment":[{"href":"https:\/\/www.europesays.com\/de\/wp-json\/wp\/v2\/media?parent=599988"}],"wp:term":[{"taxonomy":"category","embeddable":true,"href":"https:\/\/www.europesays.com\/de\/wp-json\/wp\/v2\/categories?post=599988"},{"taxonomy":"post_tag","embeddable":true,"href":"https:\/\/www.europesays.com\/de\/wp-json\/wp\/v2\/tags?post=599988"}],"curies":[{"name":"wp","href":"https:\/\/api.w.org\/{rel}","templated":true}]}}