{"id":600743,"date":"2025-11-25T09:10:18","date_gmt":"2025-11-25T09:10:18","guid":{"rendered":"https:\/\/www.europesays.com\/de\/600743\/"},"modified":"2025-11-25T09:10:18","modified_gmt":"2025-11-25T09:10:18","slug":"demo-karlsruhe-macht-gewalt-an-frauen-sichtbar-und-ruft-zum-gedenken-auf","status":"publish","type":"post","link":"https:\/\/www.europesays.com\/de\/600743\/","title":{"rendered":"Demo Karlsruhe macht Gewalt an Frauen sichtbar und ruft zum Gedenken auf"},"content":{"rendered":"<p class=\"mb-6 text-xs md:text-m lg:text-l font-serif group-[.font-sans]:font-sans \">\n     \u201eLasst uns unsere Wut gegen all die Gewalt, die uns und unseren Schwestern widerf\u00e4hrt, am 25.11. auf die Stra\u00dfe tragen!\u201c, schreibt das Treffen via Instagram. Die Demo beginnt um <strong class=\"font-bold\">17.30 Uhr<\/strong> und wird sich von dort aus, auf den Kronenplatz bewegen. Dort soll gegen <strong class=\"font-bold\">19 Uhr die Endkundgebung<\/strong> stattfinden. Teilnehmende sollen gerne<strong class=\"font-bold\"> Blumen und Kerzen mitbringen<\/strong>. Die Kundgebung soll mit einer Gedenkminute an die get\u00f6teten Frauen enden.\n  <\/p>\n<p class=\"mb-6 text-xs md:text-m lg:text-l font-serif group-[.font-sans]:font-sans \">\n    Auch die Stadt <a href=\"https:\/\/www.ka-news.de\/promis\/karlsruhe-kulturlandschaft-technologieregion-und-residenz-des-rechts-die-faecherstadt-im-ueberblick-art-2783253\" target=\"_self\" class=\"underline \" rel=\"nofollow noopener\">Karlsruhe<\/a> hat sich anl\u00e4sslich des Gedenktags an einer Aktion eines K\u00fcnstlerkollektivs beteiligt. <a href=\"https:\/\/www.ka-news.de\/karlsruhe\/stadtgespraech\/karlsruhe-verhuellt-denkmaeler-in-orange-und-setzt-zeichen-gegen-gewalt-an-frauen-25-11-25-112856745\" target=\"_self\" class=\"underline \" rel=\"nofollow noopener\">Denkm\u00e4ler in der Karlsruher Innenstadt sind in orangen T\u00fcchern verh\u00fcllt.<\/a>\n  <\/p>\n<ul data-module-id=\"DragDropModule\" class=\"flex flex-wrap justify-start group-[.no-bookmarks]:hidden\">\n<li class=\"mb-3 mr-3\">\n    Katharina Peifer<\/p>\n<p>      Icon Haken im Kreis gesetzt<\/p>\n<p>      Icon Plus im Kreis<\/p>\n<\/li>\n<li class=\"mb-3 mr-3\">\n    Karlsruhe<\/p>\n<p>      Icon Haken im Kreis gesetzt<\/p>\n<p>      Icon Plus im Kreis<\/p>\n<\/li>\n<li class=\"mb-3 mr-3\">\n    Demonstrationszug<\/p>\n<p>      Icon Haken im Kreis gesetzt<\/p>\n<p>      Icon Plus im Kreis<\/p>\n<\/li>\n<\/ul>\n","protected":false},"excerpt":{"rendered":"\u201eLasst uns unsere Wut gegen all die Gewalt, die uns und unseren Schwestern widerf\u00e4hrt, am 25.11. auf die&hellip;\n","protected":false},"author":2,"featured_media":600744,"comment_status":"","ping_status":"","sticky":false,"template":"","format":"standard","meta":{"footnotes":""},"categories":[1844],"tags":[1634,3364,15157,29,30,152,8903,143465],"class_list":{"0":"post-600743","1":"post","2":"type-post","3":"status-publish","4":"format-standard","5":"has-post-thumbnail","7":"category-karlsruhe","8":"tag-baden-wuerttemberg","9":"tag-de","10":"tag-demonstrationszug","11":"tag-deutschland","12":"tag-germany","13":"tag-instagram","14":"tag-karlsruhe","15":"tag-stephanplatz"},"share_on_mastodon":{"url":"","error":""},"_links":{"self":[{"href":"https:\/\/www.europesays.com\/de\/wp-json\/wp\/v2\/posts\/600743","targetHints":{"allow":["GET"]}}],"collection":[{"href":"https:\/\/www.europesays.com\/de\/wp-json\/wp\/v2\/posts"}],"about":[{"href":"https:\/\/www.europesays.com\/de\/wp-json\/wp\/v2\/types\/post"}],"author":[{"embeddable":true,"href":"https:\/\/www.europesays.com\/de\/wp-json\/wp\/v2\/users\/2"}],"replies":[{"embeddable":true,"href":"https:\/\/www.europesays.com\/de\/wp-json\/wp\/v2\/comments?post=600743"}],"version-history":[{"count":0,"href":"https:\/\/www.europesays.com\/de\/wp-json\/wp\/v2\/posts\/600743\/revisions"}],"wp:featuredmedia":[{"embeddable":true,"href":"https:\/\/www.europesays.com\/de\/wp-json\/wp\/v2\/media\/600744"}],"wp:attachment":[{"href":"https:\/\/www.europesays.com\/de\/wp-json\/wp\/v2\/media?parent=600743"}],"wp:term":[{"taxonomy":"category","embeddable":true,"href":"https:\/\/www.europesays.com\/de\/wp-json\/wp\/v2\/categories?post=600743"},{"taxonomy":"post_tag","embeddable":true,"href":"https:\/\/www.europesays.com\/de\/wp-json\/wp\/v2\/tags?post=600743"}],"curies":[{"name":"wp","href":"https:\/\/api.w.org\/{rel}","templated":true}]}}