{"id":600777,"date":"2025-11-25T09:30:36","date_gmt":"2025-11-25T09:30:36","guid":{"rendered":"https:\/\/www.europesays.com\/de\/600777\/"},"modified":"2025-11-25T09:30:36","modified_gmt":"2025-11-25T09:30:36","slug":"troisdorf-fliegerbombe-erfolgreich-gesprengt-radio-bonn-rhein-sieg","status":"publish","type":"post","link":"https:\/\/www.europesays.com\/de\/600777\/","title":{"rendered":"Troisdorf: Fliegerbombe erfolgreich gesprengt &#8211; Radio Bonn \/ Rhein-Sieg"},"content":{"rendered":"<p class=\"small date article__date\">Ver\u00f6ffentlicht:\u00a0Dienstag, 25.11.2025 05:49<\/p>\n<p>Um 20 Uhr 58 war es soweit\u00a0\u2013 die englische 250-Kilogramm-Fliegerbombe in Troisdorfer Moselstra\u00dfe ist gesprengt worden\u00a0\u2013 alles hat geklappt, der Einsatz des Kampfmittelbeseitigungsdienstes war erfolgreich. <\/p>\n<p><img decoding=\"async\" alt=\"\" src=\"https:\/\/www.europesays.com\/de\/wp-content\/uploads\/2025\/11\/polizei-mit-feuerwehr-symbolbild.jpg&#038;crop=0x42x1920x1200&#038;resize=1280x800&#038;dt=201901281048370.jpeg\" data-size=\"1280x800\"\/>Die Freigabe des Sicherheits-Gebietes erfolgte um kurz vor halb zehn<\/p>\n<p>Nach einer weiteren \u00dcberpr\u00fcfung wurde eine halbe Stunde sp\u00e4ter dann das Sicherheitsgebiet rund um die Bombe wieder freigegeben, alle der 4.800 Anwohner konnten zur\u00fcck in ihre Wohnungen, alle Sperrungen konnten aufgehoben werden, auch die der B8. Alle Betroffenen konnten sich so lange in der Troisdorfer Stadthalle aufhalten, dort hatte die Stadt eine Sammelstelle eingerichtet. Die Stadt dankte dem Kampfmittelbeseitigungsdienst, der Polizei, der Feuerwehr, dem Ordnungsdienst, den Pflegekr\u00e4ften im Krankenhaus und dem Rettungsdienst f\u00fcr den Einsatz und die Unterst\u00fctzung.<\/p>\n","protected":false},"excerpt":{"rendered":"Ver\u00f6ffentlicht:\u00a0Dienstag, 25.11.2025 05:49 Um 20 Uhr 58 war es soweit\u00a0\u2013 die englische 250-Kilogramm-Fliegerbombe in Troisdorfer Moselstra\u00dfe ist gesprengt&hellip;\n","protected":false},"author":2,"featured_media":600778,"comment_status":"","ping_status":"","sticky":false,"template":"","format":"standard","meta":{"footnotes":""},"categories":[1842],"tags":[7381,1741,3364,29,30,1209],"class_list":{"0":"post-600777","1":"post","2":"type-post","3":"status-publish","4":"format-standard","5":"has-post-thumbnail","7":"category-bonn","8":"tag-troisdorf","9":"tag-bonn","10":"tag-de","11":"tag-deutschland","12":"tag-germany","13":"tag-nordrhein-westfalen"},"share_on_mastodon":{"url":"https:\/\/pubeurope.com\/@de\/115609641681913029","error":""},"_links":{"self":[{"href":"https:\/\/www.europesays.com\/de\/wp-json\/wp\/v2\/posts\/600777","targetHints":{"allow":["GET"]}}],"collection":[{"href":"https:\/\/www.europesays.com\/de\/wp-json\/wp\/v2\/posts"}],"about":[{"href":"https:\/\/www.europesays.com\/de\/wp-json\/wp\/v2\/types\/post"}],"author":[{"embeddable":true,"href":"https:\/\/www.europesays.com\/de\/wp-json\/wp\/v2\/users\/2"}],"replies":[{"embeddable":true,"href":"https:\/\/www.europesays.com\/de\/wp-json\/wp\/v2\/comments?post=600777"}],"version-history":[{"count":0,"href":"https:\/\/www.europesays.com\/de\/wp-json\/wp\/v2\/posts\/600777\/revisions"}],"wp:featuredmedia":[{"embeddable":true,"href":"https:\/\/www.europesays.com\/de\/wp-json\/wp\/v2\/media\/600778"}],"wp:attachment":[{"href":"https:\/\/www.europesays.com\/de\/wp-json\/wp\/v2\/media?parent=600777"}],"wp:term":[{"taxonomy":"category","embeddable":true,"href":"https:\/\/www.europesays.com\/de\/wp-json\/wp\/v2\/categories?post=600777"},{"taxonomy":"post_tag","embeddable":true,"href":"https:\/\/www.europesays.com\/de\/wp-json\/wp\/v2\/tags?post=600777"}],"curies":[{"name":"wp","href":"https:\/\/api.w.org\/{rel}","templated":true}]}}