{"id":600870,"date":"2025-11-25T10:23:13","date_gmt":"2025-11-25T10:23:13","guid":{"rendered":"https:\/\/www.europesays.com\/de\/600870\/"},"modified":"2025-11-25T10:23:13","modified_gmt":"2025-11-25T10:23:13","slug":"das-tagebuch-der-anne-frank-als-oper-in-zwei-teilen","status":"publish","type":"post","link":"https:\/\/www.europesays.com\/de\/600870\/","title":{"rendered":"Das Tagebuch der Anne Frank als Oper in zwei Teilen"},"content":{"rendered":"<p class=\"bold\">\n\t\t\t\t\t\t\t\t\t\tTief beeindruckt von Anne Franks Tagebuch entschloss sich der Komponist Grigori Frid, in der Sowjetunion eine Oper zu schreiben, trotz des damaligen Verbotes, den Holocaust und j\u00fcdische Geschichten zu thematisieren.\t\t\t\t<\/p>\n<p>\t\t\t\t\t\t\t\t\t\t\t\t\t\t\t\t\t\t\tChemnitz.<\/p>\n<p>Im Ideenbereich der Universit\u00e4tsbibliothek <a href=\"https:\/\/www.freiepresse.de\/chemnitz\/chemnitz\" title=\"Nachrichten aus Chemnitz\" class=\"internal-article-link\" data-ct=\"ENTITY\/LOCATION\/KNOWN\/CHEMNITZ\" target=\"_blank\" rel=\"noopener\">Chemnitz<\/a> beginnt am 25. November um 20 Uhr die Auff\u00fchrung des St\u00fccks \u201eDas Tagebuch der Anne Frank \u2013 konzertant\u201c. Hintergrund ist, dass der russisch-j\u00fcdische Komponist, Maler und Schriftsteller Grigori Frid den Zweiten Weltkrieg an der Front erlebte und ebenso die Nachkriegszeit in der Sowjetunion. Seine Familie war vom Terror der stalinistischen Diktatur unmittelbar betroffen. Beeindruckt vom Tagebuch Anne Franks entschloss er sich, eine Oper zu schreiben, ohne darauf R\u00fccksicht zu nehmen, dass es damals das Verbot f\u00fcr ihn gab, den Holocaust und j\u00fcdische Geschichten zu thematisieren. In den Chemnitzer Auff\u00fchrungen erklingt die Oper rein konzertant. Im Foto sind Elisabeth Dopheide (eine S\u00e4ngerin) und Andreas Stoff (ein Funktionstr\u00e4ger) zu sehen. Mehr Informationen zu Tickets und St\u00fcck gibt es im Internet. (reu) Foto: Nasser Hashemi\/Theater Chemnitz<\/p>\n<p>\n            <a class=\"gradient-link\" href=\"https:\/\/www.theater-chemnitz.de\" target=\"_blank\" rel=\"noopener\">www.theater-chemnitz.de<\/a>\n          <\/p>\n","protected":false},"excerpt":{"rendered":"Tief beeindruckt von Anne Franks Tagebuch entschloss sich der Komponist Grigori Frid, in der Sowjetunion eine Oper zu&hellip;\n","protected":false},"author":2,"featured_media":600871,"comment_status":"","ping_status":"","sticky":false,"template":"","format":"standard","meta":{"footnotes":""},"categories":[1851],"tags":[2770,3364,29,548,663,3934,30,13,7504,14,15,859,12],"class_list":{"0":"post-600870","1":"post","2":"type-post","3":"status-publish","4":"format-standard","5":"has-post-thumbnail","7":"category-chemnitz","8":"tag-chemnitz","9":"tag-de","10":"tag-deutschland","11":"tag-eu","12":"tag-europa","13":"tag-europe","14":"tag-germany","15":"tag-headlines","16":"tag-museen-theater-buehne-ausstellungen","17":"tag-nachrichten","18":"tag-news","19":"tag-sachsen","20":"tag-schlagzeilen"},"share_on_mastodon":{"url":"https:\/\/pubeurope.com\/@de\/115609849387748029","error":""},"_links":{"self":[{"href":"https:\/\/www.europesays.com\/de\/wp-json\/wp\/v2\/posts\/600870","targetHints":{"allow":["GET"]}}],"collection":[{"href":"https:\/\/www.europesays.com\/de\/wp-json\/wp\/v2\/posts"}],"about":[{"href":"https:\/\/www.europesays.com\/de\/wp-json\/wp\/v2\/types\/post"}],"author":[{"embeddable":true,"href":"https:\/\/www.europesays.com\/de\/wp-json\/wp\/v2\/users\/2"}],"replies":[{"embeddable":true,"href":"https:\/\/www.europesays.com\/de\/wp-json\/wp\/v2\/comments?post=600870"}],"version-history":[{"count":0,"href":"https:\/\/www.europesays.com\/de\/wp-json\/wp\/v2\/posts\/600870\/revisions"}],"wp:featuredmedia":[{"embeddable":true,"href":"https:\/\/www.europesays.com\/de\/wp-json\/wp\/v2\/media\/600871"}],"wp:attachment":[{"href":"https:\/\/www.europesays.com\/de\/wp-json\/wp\/v2\/media?parent=600870"}],"wp:term":[{"taxonomy":"category","embeddable":true,"href":"https:\/\/www.europesays.com\/de\/wp-json\/wp\/v2\/categories?post=600870"},{"taxonomy":"post_tag","embeddable":true,"href":"https:\/\/www.europesays.com\/de\/wp-json\/wp\/v2\/tags?post=600870"}],"curies":[{"name":"wp","href":"https:\/\/api.w.org\/{rel}","templated":true}]}}