{"id":600881,"date":"2025-11-25T10:29:14","date_gmt":"2025-11-25T10:29:14","guid":{"rendered":"https:\/\/www.europesays.com\/de\/600881\/"},"modified":"2025-11-25T10:29:14","modified_gmt":"2025-11-25T10:29:14","slug":"mannheim-unbekannte-beschaedigen-autos-in-mehreren-stadtteilen-mannheims-polizeiberichte-aus-rhein-neckar-odenwald","status":"publish","type":"post","link":"https:\/\/www.europesays.com\/de\/600881\/","title":{"rendered":"Mannheim: Unbekannte besch\u00e4digen Autos in mehreren Stadtteilen Mannheims &#8211; Polizeiberichte aus Rhein-Neckar-Odenwald"},"content":{"rendered":"<p>Mannheim. (pol\/nov) Im Mannheimer Stadtteil K\u00e4fertal kam es zwischen Sonntagabend und Montagmittag zu einer Serie von Sachbesch\u00e4digungen an geparkten Autos. Das teilt die Polizei mit.\u00a0<\/p>\n<p>Der Polizei wurden bislang vier Autos gemeldet, die durch Unbekannte in der Baumstra\u00dfe besch\u00e4digt wurden. Drei der Fahrzeuge haben einen Sprung in der Windschutzscheibe, beim vierten Fahrzeug ist die Beifahrert\u00fcr zerkratzt. Der Gesamtschaden wird auf 1000 Euro gesch\u00e4tzt.\u00a0<\/p>\n<p>Im Stadtteil Vogelstang kam es ebenfalls zu einer Sachbesch\u00e4digung an einem geparkten Auto. Eine bislang unbekannte T\u00e4terschaft zerstach an einem BMW in der Nacht von Montag auf Dienstag im Cottbusser Weg zwei Reifen. Au\u00dferdem entstand ein Schaden am rechten Au\u00dfenspiegel.\u00a0<\/p>\n<p>Ob die Taten in Verbindung stehen, ist bislang unklar. Zeugen, die Hinweise geben k\u00f6nnen, werden gebeten, sich unter 0621\/718490 zu melden.\u00a0<\/p>\n","protected":false},"excerpt":{"rendered":"Mannheim. (pol\/nov) Im Mannheimer Stadtteil K\u00e4fertal kam es zwischen Sonntagabend und Montagmittag zu einer Serie von Sachbesch\u00e4digungen an&hellip;\n","protected":false},"author":2,"featured_media":600882,"comment_status":"","ping_status":"","sticky":false,"template":"","format":"standard","meta":{"footnotes":""},"categories":[1845],"tags":[1634,3364,29,548,663,3934,30,13,2096,14,15,17343,12],"class_list":{"0":"post-600881","1":"post","2":"type-post","3":"status-publish","4":"format-standard","5":"has-post-thumbnail","7":"category-mannheim","8":"tag-baden-wuerttemberg","9":"tag-de","10":"tag-deutschland","11":"tag-eu","12":"tag-europa","13":"tag-europe","14":"tag-germany","15":"tag-headlines","16":"tag-mannheim","17":"tag-nachrichten","18":"tag-news","19":"tag-polizei-blaulicht-heidelberg-mannheim-rhein-neckar-metropolregion-sinsheim-kraichgau-neckarodenwald-odenwald-bauland-heilbronn","20":"tag-schlagzeilen"},"share_on_mastodon":{"url":"https:\/\/pubeurope.com\/@de\/115609873008697449","error":""},"_links":{"self":[{"href":"https:\/\/www.europesays.com\/de\/wp-json\/wp\/v2\/posts\/600881","targetHints":{"allow":["GET"]}}],"collection":[{"href":"https:\/\/www.europesays.com\/de\/wp-json\/wp\/v2\/posts"}],"about":[{"href":"https:\/\/www.europesays.com\/de\/wp-json\/wp\/v2\/types\/post"}],"author":[{"embeddable":true,"href":"https:\/\/www.europesays.com\/de\/wp-json\/wp\/v2\/users\/2"}],"replies":[{"embeddable":true,"href":"https:\/\/www.europesays.com\/de\/wp-json\/wp\/v2\/comments?post=600881"}],"version-history":[{"count":0,"href":"https:\/\/www.europesays.com\/de\/wp-json\/wp\/v2\/posts\/600881\/revisions"}],"wp:featuredmedia":[{"embeddable":true,"href":"https:\/\/www.europesays.com\/de\/wp-json\/wp\/v2\/media\/600882"}],"wp:attachment":[{"href":"https:\/\/www.europesays.com\/de\/wp-json\/wp\/v2\/media?parent=600881"}],"wp:term":[{"taxonomy":"category","embeddable":true,"href":"https:\/\/www.europesays.com\/de\/wp-json\/wp\/v2\/categories?post=600881"},{"taxonomy":"post_tag","embeddable":true,"href":"https:\/\/www.europesays.com\/de\/wp-json\/wp\/v2\/tags?post=600881"}],"curies":[{"name":"wp","href":"https:\/\/api.w.org\/{rel}","templated":true}]}}