{"id":601056,"date":"2025-11-25T12:09:12","date_gmt":"2025-11-25T12:09:12","guid":{"rendered":"https:\/\/www.europesays.com\/de\/601056\/"},"modified":"2025-11-25T12:09:12","modified_gmt":"2025-11-25T12:09:12","slug":"boersegeschichte-25-11-extremes-zu-ca-immo-cpi-europe-telekom-austria-addiko-boerse-geschichte-boersegeschichte","status":"publish","type":"post","link":"https:\/\/www.europesays.com\/de\/601056\/","title":{"rendered":"B\u00f6rsegeschichte 25.11.: Extremes zu CA Immo, CPI Europe, Telekom Austria, Addiko &#8230; (B\u00f6rse Geschichte) (B\u00f6rseGeschichte)"},"content":{"rendered":"<p>25.11.2025,<br \/>\n    1443 Zeichen<br \/>\n<br clear=\"all\"\/><\/p>\n<p><strong>Extrema:<\/strong><br \/>25.11.2008: Flop 1: <strong>CA Immo:<\/strong> -22.7% &#8211; [Flop 2: -20.71% (29.09.2008), Flop 3: -17.05% (13.05.2009)]<a class=\"hide_from_pdf\" href=\"https:\/\/boerse-social.com\/calendar\/atx\/25.11.2008\" rel=\"nofollow noopener\" target=\"_blank\"> zum Kalender<\/a><br \/>25.11.2008: Flop 1: <strong>CPI Europe AG:<\/strong> -47.83% &#8211; [Flop 2: -36.05% (18.09.2008), Flop 3: -33.33% (11.11.2008)]<a class=\"hide_from_pdf\" href=\"https:\/\/boerse-social.com\/calendar\/atx\/25.11.2008\" rel=\"nofollow noopener\" target=\"_blank\"> zum Kalender<\/a><br \/>25.11.2008: Top 2: <strong>Telekom Austria:<\/strong> 11.06% &#8211; [Top 1: 15.11% (24.11.2008), Top 3: 10.82% (11.11.2008)]<a class=\"hide_from_pdf\" href=\"https:\/\/boerse-social.com\/calendar\/atx\/25.11.2008\" rel=\"nofollow noopener\" target=\"_blank\"> zum Kalender<\/a><br \/>25.11.2008: Top 2: <strong>Verbund:<\/strong> 13.61% &#8211; [Top 1: 20.1654% (20.03.2020), Top 3: 13.3529% (07.09.2022)]<a class=\"hide_from_pdf\" href=\"https:\/\/boerse-social.com\/calendar\/atx\/25.11.2008\" rel=\"nofollow noopener\" target=\"_blank\"> zum Kalender<\/a><br \/>25.11.2024: Top 3: <strong>Pierer Mobility:<\/strong> 31.25% &#8211; [Top 1: 41.3043% (18.10.2013), Top 2: 35% (20.12.2024)]<a class=\"hide_from_pdf\" href=\"https:\/\/boerse-social.com\/calendar\/atx\/25.11.2024\" rel=\"nofollow noopener\" target=\"_blank\"> zum Kalender<\/a><\/p>\n<p><strong>Umsatzextrema:<\/strong><br \/>25.11.2024: Bester &#8211; <strong>voestalpine:<\/strong> 340.716.000 Euro (Doppelz\u00e4hlung); Preis: 18,4 Euro, St\u00fcck (Einfachz\u00e4hlung): 9.258.592<a class=\"hide_from_pdf\" href=\"https:\/\/boerse-social.com\/calendar\/atx\/25.11.2024\" rel=\"nofollow noopener\" target=\"_blank\"> zum Kalender<\/a><\/p>\n<p><strong>over MA200:<\/strong><br \/>25.11.2021: <strong>Addiko Bank:<\/strong> Am l\u00e4ngsten \u00fcber MA200: 381 Tage (endete am: 25.11.2021)<a class=\"hide_from_pdf\" href=\"https:\/\/boerse-social.com\/calendar\/atx\/25.11.2021\" rel=\"nofollow noopener\" target=\"_blank\"> zum Kalender<\/a><\/p>\n<p><strong>under MA200:<\/strong><br \/>25.11.2019: <strong>FACC:<\/strong> Am l\u00e4ngsten unter MA200: 416 Tage (endete am: 25.11.2019)<a class=\"hide_from_pdf\" href=\"https:\/\/boerse-social.com\/calendar\/atx\/25.11.2019\" rel=\"nofollow noopener\" target=\"_blank\"> zum Kalender<\/a><\/p>\n<p><strong>Gleichbleibende Serie in Tagen:<\/strong><br \/>25.11.2005: <strong>Rosenbauer:<\/strong> L\u00e4ngste gleichbleibende Serie: 12 Tage (endete am 25.11.2005)<\/p>\n<p>Bisher gab es an einem <strong>25. November 25 Handelstage<\/strong> im ATX TR, einiges ist auch auf Samstag\/Sonntag gefallen. Die <strong>ATX TR-Durchschnittsperformance<\/strong> am 25.11. betr\u00e4gt <strong>0,52%<\/strong>. Der beste 25.11. fand im Jahr 2008 mit <strong>8,61% <\/strong>statt, der schlechteste 25.11. im Jahr 1991 mit <strong>-1,16%<\/strong>. Im Vorjahr lag der ATX TR am 25.11. so: <strong>0,00%<\/strong>.<\/p>\n<p>(Der Input von B\u00f6rse Geschichte f\u00fcr den <a href=\"http:\/\/www.boerse-social.com\/gabb \" rel=\"nofollow noopener\" target=\"_blank\">http:\/\/www.boerse-social.com\/gabb<\/a> vom 25.11.)<\/p>\n<p>(25.11.2025)<\/p>\n<p>\n BSN Podcasts\n<\/p>\n<p><a href=\"https:\/\/audio-cd.at\/page\/podcast\/8124\/\" style=\"text-decoration:none;line-height:1px;font-size:14px;color:#333\" wp_automatic_readability=\"4\" rel=\"nofollow noopener\" target=\"_blank\"><br \/>\n      <b>Christian Drastil: Wiener B\u00f6rse Plausch<\/b><br \/>\n      <img decoding=\"async\" src=\"https:\/\/www.europesays.com\/de\/wp-content\/uploads\/2025\/11\/1764072552_115_100.jpeg\" style=\"width:50px; float:left;margin-right:10px;margin-top:2px\"\/><\/p>\n<p style=\"font-size:14px;margin-bottom:0;font-weight:normal;margin-top:6px;line-height:13px\">Private Investor Relations Podcast #8: Bettina Schragl (Semperit), der Fokus auf Private plus die Investmentstory f\u00fcr die Baader Trading Library\n        <\/p>\n<p>      <\/a><br \/>\n<br clear=\"all\"\/><\/p>\n","protected":false},"excerpt":{"rendered":"25.11.2025, 1443 Zeichen Extrema:25.11.2008: Flop 1: CA Immo: -22.7% &#8211; [Flop 2: -20.71% (29.09.2008), Flop 3: -17.05% (13.05.2009)]&hellip;\n","protected":false},"author":2,"featured_media":149641,"comment_status":"","ping_status":"","sticky":false,"template":"","format":"standard","meta":{"footnotes":"","_share_on_mastodon":"0"},"categories":[3933],"tags":[19836,331,332,19833,18109,18112,548,663,158,3934,3935,143539,19653,13,18110,143540,143541,14,15,87672,12,8932,679,19978],"class_list":["post-601056","post","type-post","status-publish","format-standard","has-post-thumbnail","category-eu","tag-ag","tag-aktuelle-nachrichten","tag-aktuelle-news","tag-austria","tag-ca","tag-cpi","tag-eu","tag-europa","tag-europaeische-union","tag-europe","tag-european-union","tag-extrema25-11-2008","tag-flop","tag-headlines","tag-immo","tag-kalender25-11-2008","tag-kalender25-11-2024","tag-nachrichten","tag-news","tag-pierer","tag-schlagzeilen","tag-telekom","tag-top","tag-verbund"],"share_on_mastodon":{"url":"https:\/\/pubeurope.com\/@de\/115610266911055912","error":""},"_links":{"self":[{"href":"https:\/\/www.europesays.com\/de\/wp-json\/wp\/v2\/posts\/601056","targetHints":{"allow":["GET"]}}],"collection":[{"href":"https:\/\/www.europesays.com\/de\/wp-json\/wp\/v2\/posts"}],"about":[{"href":"https:\/\/www.europesays.com\/de\/wp-json\/wp\/v2\/types\/post"}],"author":[{"embeddable":true,"href":"https:\/\/www.europesays.com\/de\/wp-json\/wp\/v2\/users\/2"}],"replies":[{"embeddable":true,"href":"https:\/\/www.europesays.com\/de\/wp-json\/wp\/v2\/comments?post=601056"}],"version-history":[{"count":0,"href":"https:\/\/www.europesays.com\/de\/wp-json\/wp\/v2\/posts\/601056\/revisions"}],"wp:featuredmedia":[{"embeddable":true,"href":"https:\/\/www.europesays.com\/de\/wp-json\/wp\/v2\/media\/149641"}],"wp:attachment":[{"href":"https:\/\/www.europesays.com\/de\/wp-json\/wp\/v2\/media?parent=601056"}],"wp:term":[{"taxonomy":"category","embeddable":true,"href":"https:\/\/www.europesays.com\/de\/wp-json\/wp\/v2\/categories?post=601056"},{"taxonomy":"post_tag","embeddable":true,"href":"https:\/\/www.europesays.com\/de\/wp-json\/wp\/v2\/tags?post=601056"}],"curies":[{"name":"wp","href":"https:\/\/api.w.org\/{rel}","templated":true}]}}