{"id":601819,"date":"2025-11-25T19:14:15","date_gmt":"2025-11-25T19:14:15","guid":{"rendered":"https:\/\/www.europesays.com\/de\/601819\/"},"modified":"2025-11-25T19:14:15","modified_gmt":"2025-11-25T19:14:15","slug":"bonn-28-jaehriger-wegen-missbrauch-eines-maedchens-verurteilt","status":"publish","type":"post","link":"https:\/\/www.europesays.com\/de\/601819\/","title":{"rendered":"Bonn: 28-J\u00e4hriger wegen Missbrauch eines M\u00e4dchens verurteilt"},"content":{"rendered":"<p class=\"dm-paragraph my-8 dm-article-content-width\" index=\"0\" should-collapse-on-mobile=\"true\" has-padding=\"\" data-v-586984a4=\"\">Der neue Bekannte ihrer Tochter gefiel der Mutter gar nicht: Immerhin war sie erst zw\u00f6lf, er aber 28 Jahre alt. Ihre Versuche, den Kontakt zu unterbinden, scheiterten. Beide trafen sich wiederholt, zun\u00e4chst in seiner Wohnung in H\u00fcrth, dann nach dem Umzug in der neuen Wohnung in Bornheim.<\/p>\n<p class=\"dm-paragraph my-8 dm-article-content-width\" index=\"1\" should-collapse-on-mobile=\"true\" has-padding=\"\" data-v-586984a4=\"\">Zu Beginn kam es zum Austausch von kleinen Z\u00e4rtlichkeiten, dann im Mai 2023 zum ersten Geschlechtsverkehr. Bei dem einen Mal blieb es nicht: Wegen vierfachen schweren Missbrauchs eines Kindes wurde der Angeklagte am Dienstag von der Jugendschutzkammer des Bonner Landgerichts zu vier Jahren und drei Monaten Haft verurteilt. Der Gesetzgeber sieht f\u00fcr solche Taten einen Strafrahmen von zwei bis 15 Jahren vor.<\/p>\n<p class=\"dm-paragraph my-8 dm-article-content-width\" index=\"2\" should-collapse-on-mobile=\"true\" has-padding=\"\" data-v-586984a4=\"\">Der Angeklagte und das Opfer wohnten in der Nachbarschaft, als sie sich kennenlernten. Er habe Gef\u00fchle f\u00fcr das M\u00e4dchen entwickelt, sagte er vor Gericht aus; unklar ist, ob es ihm mitgeteilt hat, wie alt es sei. Er behauptete, die junge Freundin habe ihm erz\u00e4hlt, schon 16 zu sein. Die argw\u00f6hnische Mutter schlie\u00dflich kl\u00e4rte ihn \u00fcber das wahre Alter auf, \u201edas hielt ihn aber nicht davon ab\u201c, so das Gericht, weiter den Kontakt zu suchen.<\/p>\n<p>Die Mutter der Zw\u00f6lfj\u00e4hrigen erstattete Anzeige<\/p>\n<p class=\"dm-paragraph my-8 dm-article-content-width\" index=\"4\" should-collapse-on-mobile=\"true\" has-padding=\"\" data-v-586984a4=\"\">Zum ersten Beischlaf kam es, als das Kind wegen Verhaltensauff\u00e4lligkeiten in ein psychiatrisches Heim eingewiesen wurde und an dem therapiefreien Wochenende des 13.\/14. Mai 2023 zu dem 28-J\u00e4hrigen ging. Am Montag offenbarte es sich gegen\u00fcber dem Pflegepersonal, weil es Angst vor einer Schwangerschaft hatte. Ihre Betreuer gaben der Zw\u00f6lfj\u00e4hrigen daraufhin die \u201ePille danach\u201c.<\/p>\n<p class=\"dm-paragraph my-8 dm-article-content-width\" index=\"5\" should-collapse-on-mobile=\"true\" has-padding=\"\" data-v-586984a4=\"\">Am 17. Mai schlie\u00dflich erstattete die Mutter bei der Polizei Anzeige gegen den jungen Mann, der daraufhin die Beziehung zu dem M\u00e4dchen abbrach, im September jedoch wieder erneuerte. \u201eMindestens dreimal\u201c, so die Erkenntnis der Kammer, hatten beide danach Geschlechtsverkehr in seiner Wohnung; das Verh\u00e4ltnis endete erst, als die Zw\u00f6lfj\u00e4hrige sich in einen drei Jahre \u00e4lteren Mitsch\u00fcler verliebte.<\/p>\n<p class=\"dm-paragraph my-8 dm-article-content-width\" index=\"6\" should-collapse-on-mobile=\"true\" has-padding=\"\" data-v-586984a4=\"\">Fast anderthalb Jahre ermittelten Polizei und Staatsanwaltschaft gegen den 28-J\u00e4hrigen, Ende August begann der Prozess vor dem Landgericht. Erst am siebten Verhandlungstag, als Zeugen vernommen, die DNA-Analyse eines von der Mutter der Polizei \u00fcbergebenen Kleidungsst\u00fccks begutachtet und eine Sachverst\u00e4ndige zur Glaubw\u00fcrdigkeit der Sch\u00fclerin geh\u00f6rt worden waren, lie\u00df der Angeklagte sich eher halbherzig ein.<\/p>\n<p class=\"dm-paragraph my-8 dm-article-content-width\" index=\"7\" should-collapse-on-mobile=\"true\" has-padding=\"\" data-v-586984a4=\"\">Wichtigstes Beweismittel gegen ihn war ein von der Zw\u00f6lfj\u00e4hrigen gefertigter Mitschnitt eines Telefonats, in dem das Kind ihn fragte: \u201eWie oft hatten wir es denn schon?\u201c Darauf er: \u201eSchon oft\u201c. Die Kammer sezierte dieses W\u00f6rtchen ausf\u00fchrlich in der Urteilsbegr\u00fcndung: \u201eOft hei\u00dft mindestens zweimal, dem Wortsinne nach auch dreimal.\u201c Damit war der Mann \u00fcberf\u00fchrt.<\/p>\n","protected":false},"excerpt":{"rendered":"Der neue Bekannte ihrer Tochter gefiel der Mutter gar nicht: Immerhin war sie erst zw\u00f6lf, er aber 28&hellip;\n","protected":false},"author":2,"featured_media":570411,"comment_status":"","ping_status":"","sticky":false,"template":"","format":"standard","meta":{"footnotes":""},"categories":[1842],"tags":[1741,3364,29,30,1209],"class_list":{"0":"post-601819","1":"post","2":"type-post","3":"status-publish","4":"format-standard","5":"has-post-thumbnail","7":"category-bonn","8":"tag-bonn","9":"tag-de","10":"tag-deutschland","11":"tag-germany","12":"tag-nordrhein-westfalen"},"share_on_mastodon":{"url":"https:\/\/pubeurope.com\/@de\/115611937328246616","error":""},"_links":{"self":[{"href":"https:\/\/www.europesays.com\/de\/wp-json\/wp\/v2\/posts\/601819","targetHints":{"allow":["GET"]}}],"collection":[{"href":"https:\/\/www.europesays.com\/de\/wp-json\/wp\/v2\/posts"}],"about":[{"href":"https:\/\/www.europesays.com\/de\/wp-json\/wp\/v2\/types\/post"}],"author":[{"embeddable":true,"href":"https:\/\/www.europesays.com\/de\/wp-json\/wp\/v2\/users\/2"}],"replies":[{"embeddable":true,"href":"https:\/\/www.europesays.com\/de\/wp-json\/wp\/v2\/comments?post=601819"}],"version-history":[{"count":0,"href":"https:\/\/www.europesays.com\/de\/wp-json\/wp\/v2\/posts\/601819\/revisions"}],"wp:featuredmedia":[{"embeddable":true,"href":"https:\/\/www.europesays.com\/de\/wp-json\/wp\/v2\/media\/570411"}],"wp:attachment":[{"href":"https:\/\/www.europesays.com\/de\/wp-json\/wp\/v2\/media?parent=601819"}],"wp:term":[{"taxonomy":"category","embeddable":true,"href":"https:\/\/www.europesays.com\/de\/wp-json\/wp\/v2\/categories?post=601819"},{"taxonomy":"post_tag","embeddable":true,"href":"https:\/\/www.europesays.com\/de\/wp-json\/wp\/v2\/tags?post=601819"}],"curies":[{"name":"wp","href":"https:\/\/api.w.org\/{rel}","templated":true}]}}