{"id":602051,"date":"2025-11-25T21:31:32","date_gmt":"2025-11-25T21:31:32","guid":{"rendered":"https:\/\/www.europesays.com\/de\/602051\/"},"modified":"2025-11-25T21:31:32","modified_gmt":"2025-11-25T21:31:32","slug":"brasilien-frueherer-praesident-jair-bolsonaro-muss-27-jaehrige-haftstrafe-verbuessen","status":"publish","type":"post","link":"https:\/\/www.europesays.com\/de\/602051\/","title":{"rendered":"Brasilien: Fr\u00fcherer Pr\u00e4sident Jair Bolsonaro muss 27-j\u00e4hrige Haftstrafe verb\u00fc\u00dfen"},"content":{"rendered":"<p class=\"paragraph article__item\"><a class=\"rtr-entity\" href=\"https:\/\/www.zeit.de\/thema\/brasilien\" rel=\"nofollow noopener\" target=\"_blank\">Brasiliens<\/a> Ex-Pr\u00e4sident <a href=\"https:\/\/www.zeit.de\/thema\/brasilien\" class=\"\" target=\"_blank\" rel=\"nofollow noopener\">Jair Bolsonaro<\/a> hat dem Obersten Gericht des Landes zufolge alle Rechtsmittel im Fall seiner Verurteilung wegen eines geplanten Umsturzes ausgesch\u00f6pft. Der ultrarechte fr\u00fchere Staatschef m\u00fcsse deshalb die gesamte 27-j\u00e4hrige Haftstrafe verb\u00fc\u00dfen, teilte das Gericht mit.\n<\/p>\n<p class=\"paragraph article__item\">Bolsonaro war am Samstag nach der Besch\u00e4digung seiner elektronischen Fu\u00dffessel wegen &#8222;erh\u00f6hter Fluchtgefahr&#8220; <a href=\"https:\/\/www.zeit.de\/politik\/ausland\/2025-11\/brasilien-bolsonaro-verhaftung-fluchtgefahrt-fussfessel-hausarrest-gxe\" class=\"\" target=\"_blank\" rel=\"nofollow noopener\">aus dem Hausarrest ins Gef\u00e4ngnis verlegt worden<\/a>.\u00a0Er soll nach seiner Wahlniederlage 2022 versucht haben, den Machtwechsel zu verhindern und einen Staatsstreich zu planen.\n<\/p>\n<p class=\"paragraph article__item\">Vor wenigen Tagen hatte das Oberste Gericht eine erste Berufung Bolsonaros gegen das Urteil abgewiesen. Seine Verteidiger verzichteten darauf, eine weitere <a href=\"https:\/\/www.zeit.de\/wissen\/2025-11\/abschluss-klimakonferenz-cop30-belem-klimapolitik\" class=\"\" target=\"_blank\" rel=\"nofollow noopener\">Berufung<\/a> gegen das Urteil einzulegen, das somit nun rechtskr\u00e4ftig wurde. Unklarheit herrschte zun\u00e4chst weiterhin dar\u00fcber, wo der 70-J\u00e4hrige seine Haftstrafe verb\u00fc\u00dfen werden muss.\n<\/p>\n<p>        Erst\u00fcrmung des Obersten Gerichts        <\/p>\n<p class=\"paragraph article__item\">Das Gericht hatte den ultrarechten Ex-Pr\u00e4sidenten im September wegen eines geplanten Umsturzes zu mehr als 27 Jahren Gef\u00e4ngnis verurteilt. <a href=\"https:\/\/www.zeit.de\/thema\/jair-bolsonaro\" class=\"\" target=\"_blank\" rel=\"nofollow noopener\">Bolsonaro<\/a>, der Brasilien von 2019 bis 2022 regierte, wurde schuldig gesprochen, eine &#8222;kriminelle Organisation&#8220; angef\u00fchrt zu haben, die seine Wahlniederlage von 2022 gegen den heutigen linksgerichteten Pr\u00e4sidenten Luiz In\u00e1cio Lula da Silva kippen wollte.\n<\/p>\n<p class=\"paragraph article__item\">Das Oberste Gericht gelangte zu dem Schluss, dass er seine Anh\u00e4nger zur Erst\u00fcrmung des Obersten Gerichts, des <a href=\"https:\/\/www.zeit.de\/politik\/2025-11\/cop30-klimakonferenz-belem-klimapolitik-nachrichtenpodcast\" class=\"\" target=\"_blank\" rel=\"nofollow noopener\">Pr\u00e4sidentenpalastes<\/a> und des Kongresses in der Hauptstadt Bras\u00edlia am 8. Januar 2023 angestiftet hatte. Hunderte Unterst\u00fctzer Bolsonaros waren damals in die Geb\u00e4ude eingedrungen und hatten dort schwere Verw\u00fcstungen angerichtet. Die Szenen der Gewalt erinnerten an den Angriff von Anh\u00e4ngern des damals abgew\u00e4hlten US-Pr\u00e4sidenten Donald Trump auf das Kapitol in Washington zwei Jahre zuvor.\n<\/p>\n<p>        Beziehungen zu Donald Trump        <\/p>\n<p class=\"paragraph article__item\">Am Samstag war Bolsonaro nach der Besch\u00e4digung seiner elektronischen Fu\u00dffessel mit einem L\u00f6tkolben wegen Fluchtgefahr in Haft genommen worden. Auf Anweisung des Obersten Gerichts wurde er vom Hausarrest ins Gef\u00e4ngnis verlegt. Bolsonaro habe &#8222;das elektronische \u00dcberwachungsger\u00e4t vors\u00e4tzlicherweise und bewussterweise&#8220; besch\u00e4digt, urteilte der Oberste Richter, Alexandre de Moraes.\n<\/p>\n<p>                            \u00a9\u00a0Lea Dohle<\/p>\n<p>\n                                        Newsletter<br \/>\n                                        Was jetzt? \u2013 Der t\u00e4gliche Morgen\u00fcberblick<\/p>\n<p class=\"newsletter-signup__text\">Starten Sie mit unserem kurzen Nachrichten-Newsletter in den Tag. Erhalten Sie zudem freitags den US-Sonderletter &#8222;Was jetzt, America?&#8220; sowie das digitale Magazin ZEIT am Wochenende.<\/p>\n<p class=\"newsletter-signup__datapolicy\" hidden=\"\">\n            Mit Ihrer Registrierung nehmen Sie die <a href=\"https:\/\/datenschutz.zeit.de\/zon#Newsletter\" target=\"_blank\" rel=\"nofollow noopener\">Datenschutzerkl\u00e4rung<\/a> zur Kenntnis.\n        <\/p>\n<p>    Vielen Dank! Wir haben Ihnen eine E-Mail geschickt.<\/p>\n<p>Pr\u00fcfen Sie Ihr Postfach und best\u00e4tigen Sie das Newsletter-Abonnement.<\/p>\n<p class=\"paragraph article__item\">Bei einer geplanten Mahnwache f\u00fcr Bolsonaro vor seinem Haus habe es zudem &#8222;sehr ernsthafte Hinweise auf einen m\u00f6glichen Fluchtversuch&#8220; gegeben, sagte de Moraes. Er verwies auf die N\u00e4he von Bolsonaros Haus, in dem er sich in Hausarrest befand, zur US-Botschaft sowie die enge Beziehung des Ex-Pr\u00e4sidenten zu US-Pr\u00e4sident Trump. Er deutete an, Bolsonaro habe zu fliehen versucht, um in den USA politisches Asyl zu beantragen.\n<\/p>\n<p>            Der Ex-Pr\u00e4sident        <\/p>\n<p>Brasilien<\/p>\n<p>                <a href=\"https:\/\/www.zeit.de\/politik\/2025-09\/jair-bolsonaro-gefaegnis-brasilien-praesidentschaft-nachrichtenpodcast\" data-ct-label=\"Nachrichtenpodcast: Der Anfang vom Bolsonarismus ohne Bolsonaro\" rel=\"nofollow noopener\" target=\"_blank\"><\/p>\n<p>                        Nachrichtenpodcast:<br \/>\n                        Der Anfang vom Bolsonarismus ohne Bolsonaro<\/p>\n<p>                <\/a><\/p>\n<p>                <a href=\"https:\/\/www.zeit.de\/politik\/ausland\/2025-09\/jair-bolsonaro-verurteilung-oberster-gerichtshof-brasilien-haftstrafe\" data-ct-label=\"Haftstrafe f\u00fcr Jair Bolsonaro: Ein historisches Urteil, das Brasiliens Rechte erz\u00fcrnt\" rel=\"nofollow noopener\" target=\"_blank\"><\/p>\n<p>        Z+ (abopflichtiger Inhalt);<\/p>\n<p>    Haftstrafe f\u00fcr Jair Bolsonaro:<br \/>\n                        Ein historisches Urteil, das Brasiliens Rechte erz\u00fcrnt<\/p>\n<p>                <\/a><\/p>\n<p>                <a href=\"https:\/\/www.zeit.de\/politik\/ausland\/2025-09\/prozess-jair-bolsonaro-brasilien-putsch-justiz-demokratie\" data-ct-label=\"Brasiliens Ex-Pr\u00e4sident: Wie der Fall Bolsonaro Brasilien spaltet\" rel=\"nofollow noopener\" target=\"_blank\"><\/p>\n<p>                        Brasiliens Ex-Pr\u00e4sident:<br \/>\n                        Wie der Fall Bolsonaro Brasilien spaltet<\/p>\n<p>                <\/a><\/p>\n","protected":false},"excerpt":{"rendered":"Brasiliens Ex-Pr\u00e4sident Jair Bolsonaro hat dem Obersten Gericht des Landes zufolge alle Rechtsmittel im Fall seiner Verurteilung wegen&hellip;\n","protected":false},"author":2,"featured_media":602052,"comment_status":"","ping_status":"","sticky":false,"template":"","format":"standard","meta":{"footnotes":""},"categories":[3],"tags":[143673,5697,5537,13,77029,14,15,16,12,10,8,9,11,103,104],"class_list":{"0":"post-602051","1":"post","2":"type-post","3":"status-publish","4":"format-standard","5":"has-post-thumbnail","7":"category-welt","8":"tag-anfechtung","9":"tag-brasilien","10":"tag-haftstrafe","11":"tag-headlines","12":"tag-jair-bolsonaro","13":"tag-nachrichten","14":"tag-news","15":"tag-politik","16":"tag-schlagzeilen","17":"tag-top-news","18":"tag-top-meldungen","19":"tag-topmeldungen","20":"tag-topnews","21":"tag-welt","22":"tag-world"},"share_on_mastodon":{"url":"https:\/\/pubeurope.com\/@de\/115612475872864487","error":""},"_links":{"self":[{"href":"https:\/\/www.europesays.com\/de\/wp-json\/wp\/v2\/posts\/602051","targetHints":{"allow":["GET"]}}],"collection":[{"href":"https:\/\/www.europesays.com\/de\/wp-json\/wp\/v2\/posts"}],"about":[{"href":"https:\/\/www.europesays.com\/de\/wp-json\/wp\/v2\/types\/post"}],"author":[{"embeddable":true,"href":"https:\/\/www.europesays.com\/de\/wp-json\/wp\/v2\/users\/2"}],"replies":[{"embeddable":true,"href":"https:\/\/www.europesays.com\/de\/wp-json\/wp\/v2\/comments?post=602051"}],"version-history":[{"count":0,"href":"https:\/\/www.europesays.com\/de\/wp-json\/wp\/v2\/posts\/602051\/revisions"}],"wp:featuredmedia":[{"embeddable":true,"href":"https:\/\/www.europesays.com\/de\/wp-json\/wp\/v2\/media\/602052"}],"wp:attachment":[{"href":"https:\/\/www.europesays.com\/de\/wp-json\/wp\/v2\/media?parent=602051"}],"wp:term":[{"taxonomy":"category","embeddable":true,"href":"https:\/\/www.europesays.com\/de\/wp-json\/wp\/v2\/categories?post=602051"},{"taxonomy":"post_tag","embeddable":true,"href":"https:\/\/www.europesays.com\/de\/wp-json\/wp\/v2\/tags?post=602051"}],"curies":[{"name":"wp","href":"https:\/\/api.w.org\/{rel}","templated":true}]}}